{"id":1355,"date":"2015-08-03T12:00:41","date_gmt":"2015-08-03T12:00:41","guid":{"rendered":"http:\/\/waldkindergarten-berglen.de\/?p=1355"},"modified":"2015-08-03T12:00:41","modified_gmt":"2015-08-03T12:00:41","slug":"tatkraeftige-unterstuetzung","status":"publish","type":"post","link":"https:\/\/waldkindergarten-berglen.de\/?p=1355","title":{"rendered":"Tatkr\u00e4ftige Unterst\u00fctzung"},"content":{"rendered":"<p>Damit unsere frisch gepflanzten \u00abGeburtstagsb\u00e4ume\u00bb in den Sommerferien keine Not leiden m\u00fcssen, fuhr die Feuerwehr Steinach kurzentschlossen mit ihrem Tankl\u00f6schfahrzeug in den Wald um das 1.000l Fass mit Wasser aufzuf\u00fcllen.<\/p>\n<p>Danach zeigten sie zwei Waldkindern wie man mit einem 100m langen Feuerwehrschlauch vorsichtig B\u00e4ume gie\u00dfen kann.<\/p>\n<figure id=\"attachment_1353\" aria-describedby=\"caption-attachment-1353\" style=\"width: 276px\" class=\"wp-caption alignnone\"><img loading=\"lazy\" decoding=\"async\" class=\"wp-image-1353 size-full\" src=\"http:\/\/waldkindergarten-berglen.de\/wp-content\/uploads\/2016\/06\/980-1-1.jpg\" alt=\"Erst lernen...\" width=\"276\" height=\"460\" \/><figcaption id=\"caption-attachment-1353\" class=\"wp-caption-text\">Erst lernen&#8230;<\/figcaption><\/figure>\n<p>Nat\u00fcrlich durften sie es auch gleich selbst versuchen.<\/p>\n<figure id=\"attachment_1354\" aria-describedby=\"caption-attachment-1354\" style=\"width: 460px\" class=\"wp-caption alignnone\"><img loading=\"lazy\" decoding=\"async\" class=\"size-full wp-image-1354\" src=\"http:\/\/waldkindergarten-berglen.de\/wp-content\/uploads\/2016\/06\/981-1-1.jpg\" alt=\"... dann selber machen!\" width=\"460\" height=\"276\" \/><figcaption id=\"caption-attachment-1354\" class=\"wp-caption-text\">&#8230; dann selber machen!<\/figcaption><\/figure>\n<p>Und so war am Ende nicht nur das Fass aufgef\u00fcllt, sondern die jungen B\u00e4ume auch gleich ausgiebig gegossen!<\/p>\n<p>Vielen herzlichen Dank an die Feuerwehr Steinach f\u00fcr die Bereitstellung des Tankl\u00f6schfahrzeugs und ganz besonderen Dank an Martin W\u00f6hrle und Andreas Oberer f\u00fcr ihren Einsatz!<\/p>\n<p>In den Ferien werden mehrere Waldkindergarten- Eltern den Durst der B\u00e4umchen l\u00f6schen! Daf\u00fcr schon im Voraus vielen herzlichen Dank!<\/p>\n<p>Und nun w\u00fcnschen wir allen Kindern und ihren Eltern wundersch\u00f6ne, sonnige, erholsame und erlebnisreiche Ferien!<br \/>\nWir freuen uns auf das Wiedersehen mit Euch nach den Ferien!<\/p>\n<p>Einen guten Start<\/p>\n<p>Unseren Gro\u00dfen Leon, Paul, Mara, Tom, David, Maximilian, Elisa und Hannes w\u00fcnschen wir zum Schulstart viel Spa\u00df am Lernen, gute neue Freunde, viel Erfolg und alles Gute! Behaltet Eure Zeit im Wald f\u00fcr immer in Euren Herzen!<\/p>\n<p><em>Wussten Sie schon?<\/em><br \/>\n<em>Dass ein ausgewachsener Laubbaum bis zu 500 Liter Wasser am Tag speichern kann?<\/em><\/p>\n","protected":false},"excerpt":{"rendered":"<p>Damit unsere frisch gepflanzten \u00abGeburtstagsb\u00e4ume\u00bb in den Sommerferien keine Not leiden m\u00fcssen, fuhr die Feuerwehr Steinach kurzentschlossen mit ihrem Tankl\u00f6schfahrzeug in den Wald um das 1.000l Fass mit Wasser aufzuf\u00fcllen. Danach zeigten sie zwei Waldkindern wie man mit einem 100m langen Feuerwehrschlauch vorsichtig B\u00e4ume gie\u00dfen kann. Nat\u00fcrlich durften sie es auch gleich selbst versuchen. Und&hellip; <a href=\"https:\/\/waldkindergarten-berglen.de\/?p=1355\" class=\"more-link\">Weiterlesen <span class=\"screen-reader-text\">Tatkr\u00e4ftige Unterst\u00fctzung<\/span><\/a><\/p>\n","protected":false},"author":1,"featured_media":0,"comment_status":"closed","ping_status":"closed","sticky":false,"template":"","format":"standard","meta":{"ngg_post_thumbnail":0,"_jetpack_memberships_contains_paid_content":false,"footnotes":""},"categories":[3],"tags":[],"class_list":["post-1355","post","type-post","status-publish","format-standard","hentry","category-berichte"],"jetpack_featured_media_url":"","jetpack_sharing_enabled":true,"_links":{"self":[{"href":"https:\/\/waldkindergarten-berglen.de\/index.php?rest_route=\/wp\/v2\/posts\/1355","targetHints":{"allow":["GET"]}}],"collection":[{"href":"https:\/\/waldkindergarten-berglen.de\/index.php?rest_route=\/wp\/v2\/posts"}],"about":[{"href":"https:\/\/waldkindergarten-berglen.de\/index.php?rest_route=\/wp\/v2\/types\/post"}],"author":[{"embeddable":true,"href":"https:\/\/waldkindergarten-berglen.de\/index.php?rest_route=\/wp\/v2\/users\/1"}],"replies":[{"embeddable":true,"href":"https:\/\/waldkindergarten-berglen.de\/index.php?rest_route=%2Fwp%2Fv2%2Fcomments&post=1355"}],"version-history":[{"count":0,"href":"https:\/\/waldkindergarten-berglen.de\/index.php?rest_route=\/wp\/v2\/posts\/1355\/revisions"}],"wp:attachment":[{"href":"https:\/\/waldkindergarten-berglen.de\/index.php?rest_route=%2Fwp%2Fv2%2Fmedia&parent=1355"}],"wp:term":[{"taxonomy":"category","embeddable":true,"href":"https:\/\/waldkindergarten-berglen.de\/index.php?rest_route=%2Fwp%2Fv2%2Fcategories&post=1355"},{"taxonomy":"post_tag","embeddable":true,"href":"https:\/\/waldkindergarten-berglen.de\/index.php?rest_route=%2Fwp%2Fv2%2Ftags&post=1355"}],"curies":[{"name":"wp","href":"https:\/\/api.w.org\/{rel}","templated":true}]}}