{"id":1357,"date":"2015-08-03T11:00:00","date_gmt":"2015-08-03T09:00:00","guid":{"rendered":"http:\/\/waldkindergarten-berglen.de\/?p=1357"},"modified":"2015-08-03T11:00:00","modified_gmt":"2015-08-03T09:00:00","slug":"die-waldspielgruppe-geht-in-die-sommerpause","status":"publish","type":"post","link":"https:\/\/waldkindergarten-berglen.de\/?p=1357","title":{"rendered":"Die Waldspielgruppe geht in die Sommerpause"},"content":{"rendered":"<p>Zum Abschied hatten wir genau das richtige Wetter: 16\u00b0C und Bew\u00f6lkung ; 18 Grad weniger als letzte Woche!<\/p>\n<p>Ich blicke zur\u00fcck auf eine Saison mit vorwiegend 1 1\/2 J\u00e4hrigen und ihren M\u00fcttern.<\/p>\n<p>Waren die Kinder zu Beginn berechtigterma\u00dfen skeptisch, scheu oder passiv, so hatten sie nach den 11 Wochen zu viel Offenheit und Freude am Singen und Bewegen gefunden.<\/p>\n<p>Im Wald fanden sie sich gut zurecht, das H\u00e4ndewaschen wurde f\u00fcr einige das Highlight, und viele der Kleinen hatten Freude daran gefunden, beim Aufr\u00e4umen oder beim Wagenziehen zu helfen.<\/p>\n<p>Die anf\u00e4nglichen Ber\u00fchrungs\u00e4ngste sind nun wie weggefegt: Die Kinder kennen nun mich, die Umgebung im Wald, und einander..<\/p>\n<p>So freuten wir uns beim Abschied am Feuer und Buffet auf das Wiedersehen und Ankn\u00fcpfen im Herbst.<\/p>\n","protected":false},"excerpt":{"rendered":"<p>Zum Abschied hatten wir genau das richtige Wetter: 16\u00b0C und Bew\u00f6lkung ; 18 Grad weniger als letzte Woche! Ich blicke zur\u00fcck auf eine Saison mit vorwiegend 1 1\/2 J\u00e4hrigen und ihren M\u00fcttern. Waren die Kinder zu Beginn berechtigterma\u00dfen skeptisch, scheu oder passiv, so hatten sie nach den 11 Wochen zu viel Offenheit und Freude am&hellip; <a href=\"https:\/\/waldkindergarten-berglen.de\/?p=1357\" class=\"more-link\">Weiterlesen <span class=\"screen-reader-text\">Die Waldspielgruppe geht in die Sommerpause<\/span><\/a><\/p>\n","protected":false},"author":1,"featured_media":0,"comment_status":"closed","ping_status":"closed","sticky":false,"template":"","format":"standard","meta":{"ngg_post_thumbnail":0,"_jetpack_memberships_contains_paid_content":false,"footnotes":""},"categories":[11],"tags":[],"class_list":["post-1357","post","type-post","status-publish","format-standard","hentry","category-waldspielgruppenberichte-bis-2017"],"jetpack_featured_media_url":"","jetpack_sharing_enabled":true,"_links":{"self":[{"href":"https:\/\/waldkindergarten-berglen.de\/index.php?rest_route=\/wp\/v2\/posts\/1357","targetHints":{"allow":["GET"]}}],"collection":[{"href":"https:\/\/waldkindergarten-berglen.de\/index.php?rest_route=\/wp\/v2\/posts"}],"about":[{"href":"https:\/\/waldkindergarten-berglen.de\/index.php?rest_route=\/wp\/v2\/types\/post"}],"author":[{"embeddable":true,"href":"https:\/\/waldkindergarten-berglen.de\/index.php?rest_route=\/wp\/v2\/users\/1"}],"replies":[{"embeddable":true,"href":"https:\/\/waldkindergarten-berglen.de\/index.php?rest_route=%2Fwp%2Fv2%2Fcomments&post=1357"}],"version-history":[{"count":0,"href":"https:\/\/waldkindergarten-berglen.de\/index.php?rest_route=\/wp\/v2\/posts\/1357\/revisions"}],"wp:attachment":[{"href":"https:\/\/waldkindergarten-berglen.de\/index.php?rest_route=%2Fwp%2Fv2%2Fmedia&parent=1357"}],"wp:term":[{"taxonomy":"category","embeddable":true,"href":"https:\/\/waldkindergarten-berglen.de\/index.php?rest_route=%2Fwp%2Fv2%2Fcategories&post=1357"},{"taxonomy":"post_tag","embeddable":true,"href":"https:\/\/waldkindergarten-berglen.de\/index.php?rest_route=%2Fwp%2Fv2%2Ftags&post=1357"}],"curies":[{"name":"wp","href":"https:\/\/api.w.org\/{rel}","templated":true}]}}