{"id":1359,"date":"2015-07-20T12:00:21","date_gmt":"2015-07-20T12:00:21","guid":{"rendered":"http:\/\/waldkindergarten-berglen.de\/?p=1359"},"modified":"2015-07-20T12:00:21","modified_gmt":"2015-07-20T12:00:21","slug":"uebernachtung-am-waldesrand","status":"publish","type":"post","link":"https:\/\/waldkindergarten-berglen.de\/?p=1359","title":{"rendered":"\u00dcbernachtung am Waldesrand"},"content":{"rendered":"<p>Unsere Vorsch\u00fcler, die F\u00fcchse, durften letzten Donnerstag ihre Schlafsachen und allerliebsten Kuscheltiere zusammenpacken um sich zur Fuchs\u00fcbernachtung auf dem St\u00fcckle zu treffen.<br \/>\nDie Vorfreude war riesig und so suchte sich jeder gleich einen Lieblingsschlafplatz in der Schutzh\u00fctte und richtete sich gem\u00fctlich ein.<br \/>\nDanach war es f\u00fcr die Eltern Zeit zu gehen.<\/p>\n<p>Schlie\u00dflich wollten die F\u00fcchse mit ihren Erzieherinnen unter sich sein!<br \/>\nVermutlich fiel es den Eltern viel schwerer, ihre Kinder f\u00fcr eine Nacht zu verabschieden, als den Kindern.<br \/>\nDenn nach einer tollen Spielzeit auf dem St\u00fcckle, gab es ein k\u00f6stliches Buffet, welches von den Fuchseltern gespendet wurde.<\/p>\n<p>Spannende Geschichten und ausgelassenes Spielen lie\u00dfen fast vergessen, dass wegen der hohen Waldbrandgefahr dieses Mal kein Lagerfeuer brannte!<\/p>\n<p>Als sp\u00e4ter die Nacht einbrach, war es Zeit f\u00fcr die Nachtwanderung!<\/p>\n<p>Ohne Taschenlampen und ganz leise gingen sie durch den altbekannten, geliebten Wald.<\/p>\n<p>Nachts sah alles ganz anders aus als sonst. Auch h\u00f6rten sie Tiere, wie den Waldkauz, die sie bei Tag nicht h\u00f6ren konnten. Und sie sahen Flederm\u00e4use, Gl\u00fchw\u00fcrmchen und manches mehr.<\/p>\n<p>Nach der einen oder anderen Gute-Nacht-Geschichte schlummerten dann zu sp\u00e4ter Stunde alle F\u00fcchse friedlich in ihren warmen Schlafs\u00e4cken, bis am Morgen das Fr\u00fchst\u00fcck rief und die Eltern zum Abholen kamen.<\/p>\n<p>Vielen herzlichen Dank an alle Fuchseltern f\u00fcr das leckere Buffet und ganz besonderen Dank an unsere Erzieherinnen f\u00fcr den wundersch\u00f6nen Abend und die halb durchwachte Nacht!<\/p>\n<p><em>Wussten Sie schon?<\/em><br \/>\n<em>Dass Fr\u00f6sche \u00fcber ein raffiniertes H\u00f6rsystem verf\u00fcgen, wobei ihr Gehirn nur auf ganz bestimmte Tonmuster wie z.B. von Artgenossen oder Fressfeinden sehr empfindlich reagiert, w\u00e4hrend sie gegen\u00fcber \u00abunwichtigen\u00bb Ger\u00e4uschen taub sind?<\/em><\/p>\n","protected":false},"excerpt":{"rendered":"<p>Unsere Vorsch\u00fcler, die F\u00fcchse, durften letzten Donnerstag ihre Schlafsachen und allerliebsten Kuscheltiere zusammenpacken um sich zur Fuchs\u00fcbernachtung auf dem St\u00fcckle zu treffen. Die Vorfreude war riesig und so suchte sich jeder gleich einen Lieblingsschlafplatz in der Schutzh\u00fctte und richtete sich gem\u00fctlich ein. Danach war es f\u00fcr die Eltern Zeit zu gehen. Schlie\u00dflich wollten die F\u00fcchse&hellip; <a href=\"https:\/\/waldkindergarten-berglen.de\/?p=1359\" class=\"more-link\">Weiterlesen <span class=\"screen-reader-text\">\u00dcbernachtung am Waldesrand<\/span><\/a><\/p>\n","protected":false},"author":1,"featured_media":0,"comment_status":"closed","ping_status":"closed","sticky":false,"template":"","format":"standard","meta":{"ngg_post_thumbnail":0,"_jetpack_memberships_contains_paid_content":false,"footnotes":""},"categories":[3],"tags":[],"class_list":["post-1359","post","type-post","status-publish","format-standard","hentry","category-berichte"],"jetpack_featured_media_url":"","jetpack_sharing_enabled":true,"_links":{"self":[{"href":"https:\/\/waldkindergarten-berglen.de\/index.php?rest_route=\/wp\/v2\/posts\/1359","targetHints":{"allow":["GET"]}}],"collection":[{"href":"https:\/\/waldkindergarten-berglen.de\/index.php?rest_route=\/wp\/v2\/posts"}],"about":[{"href":"https:\/\/waldkindergarten-berglen.de\/index.php?rest_route=\/wp\/v2\/types\/post"}],"author":[{"embeddable":true,"href":"https:\/\/waldkindergarten-berglen.de\/index.php?rest_route=\/wp\/v2\/users\/1"}],"replies":[{"embeddable":true,"href":"https:\/\/waldkindergarten-berglen.de\/index.php?rest_route=%2Fwp%2Fv2%2Fcomments&post=1359"}],"version-history":[{"count":0,"href":"https:\/\/waldkindergarten-berglen.de\/index.php?rest_route=\/wp\/v2\/posts\/1359\/revisions"}],"wp:attachment":[{"href":"https:\/\/waldkindergarten-berglen.de\/index.php?rest_route=%2Fwp%2Fv2%2Fmedia&parent=1359"}],"wp:term":[{"taxonomy":"category","embeddable":true,"href":"https:\/\/waldkindergarten-berglen.de\/index.php?rest_route=%2Fwp%2Fv2%2Fcategories&post=1359"},{"taxonomy":"post_tag","embeddable":true,"href":"https:\/\/waldkindergarten-berglen.de\/index.php?rest_route=%2Fwp%2Fv2%2Ftags&post=1359"}],"curies":[{"name":"wp","href":"https:\/\/api.w.org\/{rel}","templated":true}]}}