{"id":1371,"date":"2015-07-06T12:00:25","date_gmt":"2015-07-06T12:00:25","guid":{"rendered":"http:\/\/waldkindergarten-berglen.de\/?p=1371"},"modified":"2015-07-06T12:00:25","modified_gmt":"2015-07-06T12:00:25","slug":"eine-flossfahrt-die-ist-lust","status":"publish","type":"post","link":"https:\/\/waldkindergarten-berglen.de\/?p=1371","title":{"rendered":"Eine Flo\u00dffahrt die ist lustig"},"content":{"rendered":"<p>Das dachten sich unsere Zwerge und Wichtel in ihrer Bachwoche. Also bauten sie sich aus Baumrinde, St\u00f6cken, Bl\u00fcten, Bl\u00e4ttern und einer Schnur wundersch\u00f6ne Segelboote.<\/p>\n<figure id=\"attachment_1370\" aria-describedby=\"caption-attachment-1370\" style=\"width: 460px\" class=\"wp-caption alignnone\"><img loading=\"lazy\" decoding=\"async\" class=\"size-full wp-image-1370\" src=\"http:\/\/waldkindergarten-berglen.de\/wp-content\/uploads\/2016\/06\/964-1-1.jpg\" alt=\"Rindenschiffchen nat\u00fcrlich seetauglich!\" width=\"460\" height=\"260\" \/><figcaption id=\"caption-attachment-1370\" class=\"wp-caption-text\">Rindenschiffchen nat\u00fcrlich seetauglich!<\/figcaption><\/figure>\n<p>Danach gab es eine lustige Jungfernfahrt in Form eines Bootrennens, im Bach bei Reichenbach. Ein hei\u00dfes Rennen im k\u00fchlen Nass f\u00fcr die gelungenen Unikate.<\/p>\n<h4>Gl\u00fchender Bergleshock<\/h4>\n<p>Trotz der gro\u00dfen Hitze am Wochenende freute sich der Bergleshock auch in diesem Jahr wieder an einem gutgelaunten Publikum!<br \/>\nAuch wir hatten an unserem Stand des Waldkindergartens gro\u00dfe Freude f\u00fcr Sie da zu sein und bedanken uns f\u00fcr Ihr Interesse!<\/p>\n<p><em>Wussten Sie schon?<\/em><br \/>\n<em>Dass die meisten Wildtiere keine Schwei\u00dfdr\u00fcsen haben und deshalb z.B. durch gro\u00dfe leicht behaarte Ohren die durch starke Durchblutung viel W\u00e4rme abgeben wie bei den Hasen, der Hitze trotzen?<\/em><\/p>\n","protected":false},"excerpt":{"rendered":"<p>Das dachten sich unsere Zwerge und Wichtel in ihrer Bachwoche. Also bauten sie sich aus Baumrinde, St\u00f6cken, Bl\u00fcten, Bl\u00e4ttern und einer Schnur wundersch\u00f6ne Segelboote. Danach gab es eine lustige Jungfernfahrt in Form eines Bootrennens, im Bach bei Reichenbach. Ein hei\u00dfes Rennen im k\u00fchlen Nass f\u00fcr die gelungenen Unikate. Gl\u00fchender Bergleshock Trotz der gro\u00dfen Hitze am&hellip; <a href=\"https:\/\/waldkindergarten-berglen.de\/?p=1371\" class=\"more-link\">Weiterlesen <span class=\"screen-reader-text\">Eine Flo\u00dffahrt die ist lustig<\/span><\/a><\/p>\n","protected":false},"author":1,"featured_media":0,"comment_status":"closed","ping_status":"closed","sticky":false,"template":"","format":"standard","meta":{"ngg_post_thumbnail":0,"_jetpack_memberships_contains_paid_content":false,"footnotes":""},"categories":[3,7],"tags":[],"class_list":["post-1371","post","type-post","status-publish","format-standard","hentry","category-berichte","category-verein"],"jetpack_featured_media_url":"","jetpack_sharing_enabled":true,"_links":{"self":[{"href":"https:\/\/waldkindergarten-berglen.de\/index.php?rest_route=\/wp\/v2\/posts\/1371","targetHints":{"allow":["GET"]}}],"collection":[{"href":"https:\/\/waldkindergarten-berglen.de\/index.php?rest_route=\/wp\/v2\/posts"}],"about":[{"href":"https:\/\/waldkindergarten-berglen.de\/index.php?rest_route=\/wp\/v2\/types\/post"}],"author":[{"embeddable":true,"href":"https:\/\/waldkindergarten-berglen.de\/index.php?rest_route=\/wp\/v2\/users\/1"}],"replies":[{"embeddable":true,"href":"https:\/\/waldkindergarten-berglen.de\/index.php?rest_route=%2Fwp%2Fv2%2Fcomments&post=1371"}],"version-history":[{"count":0,"href":"https:\/\/waldkindergarten-berglen.de\/index.php?rest_route=\/wp\/v2\/posts\/1371\/revisions"}],"wp:attachment":[{"href":"https:\/\/waldkindergarten-berglen.de\/index.php?rest_route=%2Fwp%2Fv2%2Fmedia&parent=1371"}],"wp:term":[{"taxonomy":"category","embeddable":true,"href":"https:\/\/waldkindergarten-berglen.de\/index.php?rest_route=%2Fwp%2Fv2%2Fcategories&post=1371"},{"taxonomy":"post_tag","embeddable":true,"href":"https:\/\/waldkindergarten-berglen.de\/index.php?rest_route=%2Fwp%2Fv2%2Ftags&post=1371"}],"curies":[{"name":"wp","href":"https:\/\/api.w.org\/{rel}","templated":true}]}}