{"id":1373,"date":"2015-07-06T11:00:51","date_gmt":"2015-07-06T09:00:51","guid":{"rendered":"http:\/\/waldkindergarten-berglen.de\/?p=1373"},"modified":"2015-07-06T11:00:51","modified_gmt":"2015-07-06T09:00:51","slug":"neues-aus-der-waldspielgruppe-9","status":"publish","type":"post","link":"https:\/\/waldkindergarten-berglen.de\/?p=1373","title":{"rendered":"Neues aus der Waldspielgruppe"},"content":{"rendered":"<p>1. Juli 2015, und die Temperatur um 10.00 Uhr morgens betrug schon 28\u00b0C&#8230;Das machte aber gar nichts aus, denn wir hielten uns den ganzen Vormittag \u00fcber im luftigen Schatten auf.<\/p>\n<p>Die erste Runde fand im Schatten eines gro\u00dfen Kirschbaumes statt, wo wir den Klassiker \u00abRaupe Nimmersatt\u00bb anschauten, und passende Lieder und Fingerspiele machten.<\/p>\n<p>Viel faszinierender als die Verwandlung einer Raupe in einen Schmetterling erschien einigen 1 1\/2 J\u00e4hrigen aber die Tatsache, dass man mit einem Knopfdruck am Autoschl\u00fcssel mein Auto \u00f6ffnen kann. Stimmt, das ist eigentlich auch faszinierend.<\/p>\n<p>Im Wald verbrachten wir viel Zeit mit Klettern, Rutschen, Sandeln und die heile Welt genie\u00dfen.<\/p>\n<p>Zwei mal gab es bei den Kleinen noch Gerangel, wer denn nun mein Auto \u00f6ffnen und abschlie\u00dfen d\u00fcrfe, bevor wir im Schatten gem\u00fctlich vesperten.<\/p>\n<p>Es war so gem\u00fctlich, dass die Zeit so schnell verging, und wir gar nicht mehr zum Basteln einer Raupe kamen.<\/p>\n","protected":false},"excerpt":{"rendered":"<p>1. Juli 2015, und die Temperatur um 10.00 Uhr morgens betrug schon 28\u00b0C&#8230;Das machte aber gar nichts aus, denn wir hielten uns den ganzen Vormittag \u00fcber im luftigen Schatten auf. Die erste Runde fand im Schatten eines gro\u00dfen Kirschbaumes statt, wo wir den Klassiker \u00abRaupe Nimmersatt\u00bb anschauten, und passende Lieder und Fingerspiele machten. Viel faszinierender&hellip; <a href=\"https:\/\/waldkindergarten-berglen.de\/?p=1373\" class=\"more-link\">Weiterlesen <span class=\"screen-reader-text\">Neues aus der Waldspielgruppe<\/span><\/a><\/p>\n","protected":false},"author":1,"featured_media":0,"comment_status":"closed","ping_status":"closed","sticky":false,"template":"","format":"standard","meta":{"ngg_post_thumbnail":0,"_jetpack_memberships_contains_paid_content":false,"footnotes":""},"categories":[11],"tags":[],"class_list":["post-1373","post","type-post","status-publish","format-standard","hentry","category-waldspielgruppenberichte-bis-2017"],"jetpack_featured_media_url":"","jetpack_sharing_enabled":true,"_links":{"self":[{"href":"https:\/\/waldkindergarten-berglen.de\/index.php?rest_route=\/wp\/v2\/posts\/1373","targetHints":{"allow":["GET"]}}],"collection":[{"href":"https:\/\/waldkindergarten-berglen.de\/index.php?rest_route=\/wp\/v2\/posts"}],"about":[{"href":"https:\/\/waldkindergarten-berglen.de\/index.php?rest_route=\/wp\/v2\/types\/post"}],"author":[{"embeddable":true,"href":"https:\/\/waldkindergarten-berglen.de\/index.php?rest_route=\/wp\/v2\/users\/1"}],"replies":[{"embeddable":true,"href":"https:\/\/waldkindergarten-berglen.de\/index.php?rest_route=%2Fwp%2Fv2%2Fcomments&post=1373"}],"version-history":[{"count":0,"href":"https:\/\/waldkindergarten-berglen.de\/index.php?rest_route=\/wp\/v2\/posts\/1373\/revisions"}],"wp:attachment":[{"href":"https:\/\/waldkindergarten-berglen.de\/index.php?rest_route=%2Fwp%2Fv2%2Fmedia&parent=1373"}],"wp:term":[{"taxonomy":"category","embeddable":true,"href":"https:\/\/waldkindergarten-berglen.de\/index.php?rest_route=%2Fwp%2Fv2%2Fcategories&post=1373"},{"taxonomy":"post_tag","embeddable":true,"href":"https:\/\/waldkindergarten-berglen.de\/index.php?rest_route=%2Fwp%2Fv2%2Ftags&post=1373"}],"curies":[{"name":"wp","href":"https:\/\/api.w.org\/{rel}","templated":true}]}}