{"id":1375,"date":"2015-06-22T12:00:12","date_gmt":"2015-06-22T12:00:12","guid":{"rendered":"http:\/\/waldkindergarten-berglen.de\/?p=1375"},"modified":"2015-06-22T12:00:12","modified_gmt":"2015-06-22T12:00:12","slug":"wir-froesche-sind-ein-lustger-chor","status":"publish","type":"post","link":"https:\/\/waldkindergarten-berglen.de\/?p=1375","title":{"rendered":"Wir Fr\u00f6sche sind ein lust\u00b4ger Chor"},"content":{"rendered":"<p>Bei uns dreht sich in den n\u00e4chsten Wochen alles um das Thema \u00abWasser\u00bb!<br \/>\nDazu durften unsere Waldkinder zum Einstieg erst einmal sagen, was ihnen zu Wasser einf\u00e4llt. Dabei kam vom Regen \u00fcber das Waschen und Planschen bis hin zum Trinken allerhand zusammen.<\/p>\n<p>Welche Eigenschaften und Anwendungsgebiete das Wasser hat und wie lebensnotwendig es ist, werden unsere Erzieherinnen mit den Kindern eingehend thematisieren.<br \/>\nZuallererst ging es um die Frage: \u00abWas schwimmt, was sinkt!\u00bb<\/p>\n<p>Dazu haben die Erzieherinnen die verschiedensten Gegenst\u00e4nde, wie z.B. einen Stein, ein St\u00fcck Holz, Kunststoff, etc. bereitgelegt und die Kinder durften erraten, welcher Gegenstand sinkt und welcher schwimmt.<\/p>\n<p>Zur Aufl\u00f6sung durfte das Teil dann in eine gro\u00dfe Sch\u00fcssel Wasser.<\/p>\n<p>Kreativ setzten die Waldkinder das Thema in ein Wasserbild um. Dabei malten sie mit Wasserfarben z.B. den Regen!<\/p>\n<figure id=\"attachment_1376\" aria-describedby=\"caption-attachment-1376\" style=\"width: 345px\" class=\"wp-caption alignnone\"><img loading=\"lazy\" decoding=\"async\" class=\"size-full wp-image-1376\" src=\"http:\/\/waldkindergarten-berglen.de\/wp-content\/uploads\/2016\/06\/957-1-1.jpg\" alt=\"Wir malen Wasserbilder!\" width=\"345\" height=\"460\" \/><figcaption id=\"caption-attachment-1376\" class=\"wp-caption-text\">Wir malen Wasserbilder!<\/figcaption><\/figure>\n<p>Spa\u00df ist dabei nat\u00fcrlich auch sehr wichtig! Und so tanzen die Wichtel und Zwerge nun regelm\u00e4\u00dfig einen Reigen zu dem altbekannten Kinderlied \u00abWir Fr\u00f6sche sind ein lust\u00b4ger Chor!\u00bb<\/p>\n<p>Das Vernaschen gefrorener Fruchtgummi-Fr\u00f6sche war dabei nat\u00fcrlich ein Highlight!<\/p>\n<h4>Unsere H\u00fctte ist fertig!<\/h4>\n<p>Neben den wichtigen schulvorbereitenden Aufgaben und \u00dcbungen, ist auch unsere Werkzeugpr\u00fcfung ein fester Bestandteil der Vorschule.<\/p>\n<p>Dabei lernen die Kinder die wichtigsten Werkzeuge, deren Funktion, Handhabung und die entsprechenden Vorsichtsma\u00dfnahmen im Umgang damit, sowie die Ordnung bei der Aufbewahrung.<\/p>\n<p>Meistens geschieht dies in kleineren Projekten. Doch dieses Jahr haben die Vorsch\u00fcler gemeinsam mit viel Teamgeist, Kraft, Kompromissbereitschaft und sehr viel Spa\u00df eine tolle Spielh\u00fctte f\u00fcr alle Waldkinder gebaut!<\/p>\n<figure id=\"attachment_1377\" aria-describedby=\"caption-attachment-1377\" style=\"width: 460px\" class=\"wp-caption alignnone\"><img loading=\"lazy\" decoding=\"async\" class=\"size-full wp-image-1377\" src=\"http:\/\/waldkindergarten-berglen.de\/wp-content\/uploads\/2016\/06\/956-1-1.jpg\" alt=\"Einweihung mit Theaterst\u00fcck!\" width=\"460\" height=\"345\" \/><figcaption id=\"caption-attachment-1377\" class=\"wp-caption-text\">Einweihung mit Theaterst\u00fcck!<\/figcaption><\/figure>\n<p>Eigens zur Einweihung der aus Abfallstoffen wundervoll gelungenen H\u00fctte, studierten sie dann mit sehr viel Konzentration und Einsatz ein wundersch\u00f6nes Theaterst\u00fcck auf!<\/p>\n<p>Super gemacht liebe F\u00fcchse! Eine sch\u00f6ne Erinnerung an Euch, wenn Ihr bald in die Schule wechselt!!!<\/p>\n<h4>Achtung! Verletzungsgefahr!<\/h4>\n<p>Um unseren Waldkindern einen sch\u00f6n dekorierten Morgenkreis zu bescheren, bem\u00fchen sich unsere Erzieherinnen immer sehr um frische Blumen in der Kreismitte.<br \/>\nNun machen es sich jedoch einige Spielplatzbesucher zum Spa\u00df die Wassergl\u00e4ser in den Morgenkreisen kaputtzuschlagen und die Blumen oder andere Dekorationen zu verstecken.<\/p>\n<p><strong>Doch das ist f\u00fcr unsere Kinder wirklich gef\u00e4hrlich!!!<\/strong><\/p>\n<p><strong>Wir bitten sehr darum, diese Sachbesch\u00e4digungen einzustellen!<\/strong><\/p>\n<p>Denn gerade im Falle der Glasscherben finden sich selbst nach gr\u00fcndlicher Suche noch Tage und Wochen sp\u00e4ter Scherben!<\/p>\n<p>Zudem ist es sehr bedauerlich den Kindern immer h\u00e4ufiger erkl\u00e4ren zu m\u00fcssen, dass sie sehr vorsichtig sein m\u00fcssen, da noch irgendwo Scherben sein k\u00f6nnten, weil andere Menschen unsere Vasen kaputtgeschlagen haben!<\/p>\n<p><strong>Vielen Dank f\u00fcr Ihre Mithilfe!<\/strong><\/p>\n<p><em>Wussten Sie schon?<\/em><br \/>\n<em>Dass der Wasserdampf ein um 1600-fach gr\u00f6\u00dferes Volumen hat als Wasser?<\/em><\/p>\n","protected":false},"excerpt":{"rendered":"<p>Bei uns dreht sich in den n\u00e4chsten Wochen alles um das Thema \u00abWasser\u00bb! Dazu durften unsere Waldkinder zum Einstieg erst einmal sagen, was ihnen zu Wasser einf\u00e4llt. Dabei kam vom Regen \u00fcber das Waschen und Planschen bis hin zum Trinken allerhand zusammen. Welche Eigenschaften und Anwendungsgebiete das Wasser hat und wie lebensnotwendig es ist, werden&hellip; <a href=\"https:\/\/waldkindergarten-berglen.de\/?p=1375\" class=\"more-link\">Weiterlesen <span class=\"screen-reader-text\">Wir Fr\u00f6sche sind ein lust\u00b4ger Chor<\/span><\/a><\/p>\n","protected":false},"author":1,"featured_media":0,"comment_status":"closed","ping_status":"closed","sticky":false,"template":"","format":"standard","meta":{"ngg_post_thumbnail":0,"_jetpack_memberships_contains_paid_content":false,"footnotes":""},"categories":[3,7],"tags":[],"class_list":["post-1375","post","type-post","status-publish","format-standard","hentry","category-berichte","category-verein"],"jetpack_featured_media_url":"","jetpack_sharing_enabled":true,"_links":{"self":[{"href":"https:\/\/waldkindergarten-berglen.de\/index.php?rest_route=\/wp\/v2\/posts\/1375","targetHints":{"allow":["GET"]}}],"collection":[{"href":"https:\/\/waldkindergarten-berglen.de\/index.php?rest_route=\/wp\/v2\/posts"}],"about":[{"href":"https:\/\/waldkindergarten-berglen.de\/index.php?rest_route=\/wp\/v2\/types\/post"}],"author":[{"embeddable":true,"href":"https:\/\/waldkindergarten-berglen.de\/index.php?rest_route=\/wp\/v2\/users\/1"}],"replies":[{"embeddable":true,"href":"https:\/\/waldkindergarten-berglen.de\/index.php?rest_route=%2Fwp%2Fv2%2Fcomments&post=1375"}],"version-history":[{"count":0,"href":"https:\/\/waldkindergarten-berglen.de\/index.php?rest_route=\/wp\/v2\/posts\/1375\/revisions"}],"wp:attachment":[{"href":"https:\/\/waldkindergarten-berglen.de\/index.php?rest_route=%2Fwp%2Fv2%2Fmedia&parent=1375"}],"wp:term":[{"taxonomy":"category","embeddable":true,"href":"https:\/\/waldkindergarten-berglen.de\/index.php?rest_route=%2Fwp%2Fv2%2Fcategories&post=1375"},{"taxonomy":"post_tag","embeddable":true,"href":"https:\/\/waldkindergarten-berglen.de\/index.php?rest_route=%2Fwp%2Fv2%2Ftags&post=1375"}],"curies":[{"name":"wp","href":"https:\/\/api.w.org\/{rel}","templated":true}]}}