{"id":1379,"date":"2015-06-29T12:00:04","date_gmt":"2015-06-29T12:00:04","guid":{"rendered":"http:\/\/waldkindergarten-berglen.de\/?p=1379"},"modified":"2015-06-29T12:00:04","modified_gmt":"2015-06-29T12:00:04","slug":"wasser-ist-vielfaeltig","status":"publish","type":"post","link":"https:\/\/waldkindergarten-berglen.de\/?p=1379","title":{"rendered":"Wasser ist vielf\u00e4ltig"},"content":{"rendered":"<p>Unsere Waldkinder besch\u00e4ftigten sich weiterhin noch intensiv mit Wasser. Sie durften einen See malen.<\/p>\n<p>Danach \u00fcberlegten sie sich, was sie einmal gerne angeln w\u00fcrden.<\/p>\n<p>Sie dachten sich viele interessante Dinge aus, diese malten sie dann in ihren See hinein.<\/p>\n<figure id=\"attachment_1380\" aria-describedby=\"caption-attachment-1380\" style=\"width: 460px\" class=\"wp-caption alignnone\"><img loading=\"lazy\" decoding=\"async\" class=\"size-full wp-image-1380\" src=\"http:\/\/waldkindergarten-berglen.de\/wp-content\/uploads\/2016\/06\/958-1-1.jpg\" alt=\"Unser kleiner See!\" width=\"460\" height=\"345\" \/><figcaption id=\"caption-attachment-1380\" class=\"wp-caption-text\">Unser kleiner See!<\/figcaption><\/figure>\n<p>Wenn das Wetter wieder sonniger und\u00a0 w\u00e4rmer wird wollen sie dann an den Bach gehen.<\/p>\n<p>Wir sind schon gespannt, was sie da alles erleben werden.<\/p>\n<h4>Waldkarte<\/h4>\n<p>In der Fuchsschule durften unsere Gro\u00dfen eine Skizze vom Wald mit den Wegen und den Pl\u00e4tzen anschauen.<\/p>\n<p>Im Anschluss daran sind sie zu allen Pl\u00e4tzen hingelaufen.<\/p>\n<p>Die F\u00fcchse haben sich an jedem Platz umgeschaut und \u00fcberlegt, ob es an dem Platz eher Laub- oder Nadelb\u00e4ume gibt.<\/p>\n<p>In die Skizzen haben sie dann die Symbole eingezeichnet.<\/p>\n<p><em>Wussten Sie schon?<\/em><br \/>\n<em>Wenn man einen Tannen- oder Fichtenzapfen auf die Fensterbank oder den Balkon legt, kann man an den Schuppen ablesen, wie das Wetter wird: Abstehende Schuppen: trocken und sonnig \u2013 geschlossene Schuppen: nass oder feucht.<\/em><\/p>\n","protected":false},"excerpt":{"rendered":"<p>Unsere Waldkinder besch\u00e4ftigten sich weiterhin noch intensiv mit Wasser. Sie durften einen See malen. Danach \u00fcberlegten sie sich, was sie einmal gerne angeln w\u00fcrden. Sie dachten sich viele interessante Dinge aus, diese malten sie dann in ihren See hinein. Wenn das Wetter wieder sonniger und\u00a0 w\u00e4rmer wird wollen sie dann an den Bach gehen. Wir&hellip; <a href=\"https:\/\/waldkindergarten-berglen.de\/?p=1379\" class=\"more-link\">Weiterlesen <span class=\"screen-reader-text\">Wasser ist vielf\u00e4ltig<\/span><\/a><\/p>\n","protected":false},"author":1,"featured_media":0,"comment_status":"closed","ping_status":"closed","sticky":false,"template":"","format":"standard","meta":{"ngg_post_thumbnail":0,"_jetpack_memberships_contains_paid_content":false,"footnotes":""},"categories":[3],"tags":[],"class_list":["post-1379","post","type-post","status-publish","format-standard","hentry","category-berichte"],"jetpack_featured_media_url":"","jetpack_sharing_enabled":true,"_links":{"self":[{"href":"https:\/\/waldkindergarten-berglen.de\/index.php?rest_route=\/wp\/v2\/posts\/1379","targetHints":{"allow":["GET"]}}],"collection":[{"href":"https:\/\/waldkindergarten-berglen.de\/index.php?rest_route=\/wp\/v2\/posts"}],"about":[{"href":"https:\/\/waldkindergarten-berglen.de\/index.php?rest_route=\/wp\/v2\/types\/post"}],"author":[{"embeddable":true,"href":"https:\/\/waldkindergarten-berglen.de\/index.php?rest_route=\/wp\/v2\/users\/1"}],"replies":[{"embeddable":true,"href":"https:\/\/waldkindergarten-berglen.de\/index.php?rest_route=%2Fwp%2Fv2%2Fcomments&post=1379"}],"version-history":[{"count":0,"href":"https:\/\/waldkindergarten-berglen.de\/index.php?rest_route=\/wp\/v2\/posts\/1379\/revisions"}],"wp:attachment":[{"href":"https:\/\/waldkindergarten-berglen.de\/index.php?rest_route=%2Fwp%2Fv2%2Fmedia&parent=1379"}],"wp:term":[{"taxonomy":"category","embeddable":true,"href":"https:\/\/waldkindergarten-berglen.de\/index.php?rest_route=%2Fwp%2Fv2%2Fcategories&post=1379"},{"taxonomy":"post_tag","embeddable":true,"href":"https:\/\/waldkindergarten-berglen.de\/index.php?rest_route=%2Fwp%2Fv2%2Ftags&post=1379"}],"curies":[{"name":"wp","href":"https:\/\/api.w.org\/{rel}","templated":true}]}}