{"id":1383,"date":"2015-06-29T11:00:26","date_gmt":"2015-06-29T09:00:26","guid":{"rendered":"http:\/\/waldkindergarten-berglen.de\/?p=1383"},"modified":"2015-06-29T11:00:26","modified_gmt":"2015-06-29T09:00:26","slug":"neues-aus-der-waldspielgruppe-10","status":"publish","type":"post","link":"https:\/\/waldkindergarten-berglen.de\/?p=1383","title":{"rendered":"Neues aus der Waldspielgruppe"},"content":{"rendered":"<p>Nach vielen kalten und sehr nassen Junitagen lie\u00dfen wir uns am 24.06.15 von der Sonne \u00fcberraschen.<\/p>\n<p>\u00abVon der Raupe zum Schmetterling\u00bb hie\u00df unser Thema, und nach einigen Bildern, Liedern und einem Bilderbuch marschierten wir in den tropfnassen, k\u00fchlen Wald.<\/p>\n<p>In den dortigen Pf\u00fctzen und in der weichen Erde lie\u00df es sich trefflich buddeln und matschen.<\/p>\n<p>Eimerchen und Schaufeln waren wichtige Utensilien f\u00fcr das selbstvergessene Tun der Kleinen, w\u00e4hrend die M\u00fctter Gelegenheit hatten, sich in Ruhe zu unterhalten.<\/p>\n<p>Nach dem Vesper in der Sonne bot das bis dahin unbekannte Spielh\u00e4uschen auf dem St\u00fcckle den 1-2 J\u00e4hrigen die Gelegenheit, mutig auf Entdeckungstour zu gehen.<\/p>\n<p>Mit der Sicherheit im R\u00fccken, dass die Mama nicht weit weg ist, wurde mutig erkundet, geklettert und ausprobiert, wie die anderen Kinder sich so verhalten.<\/p>\n<p>Ein kleines T\u00e4nzchen mit selbst gebastelten Schmetterlingen auf dem Finger der Kleinen rundete den sch\u00f6nen Vormittag ab.<\/p>\n","protected":false},"excerpt":{"rendered":"<p>Nach vielen kalten und sehr nassen Junitagen lie\u00dfen wir uns am 24.06.15 von der Sonne \u00fcberraschen. \u00abVon der Raupe zum Schmetterling\u00bb hie\u00df unser Thema, und nach einigen Bildern, Liedern und einem Bilderbuch marschierten wir in den tropfnassen, k\u00fchlen Wald. In den dortigen Pf\u00fctzen und in der weichen Erde lie\u00df es sich trefflich buddeln und matschen.&hellip; <a href=\"https:\/\/waldkindergarten-berglen.de\/?p=1383\" class=\"more-link\">Weiterlesen <span class=\"screen-reader-text\">Neues aus der Waldspielgruppe<\/span><\/a><\/p>\n","protected":false},"author":1,"featured_media":0,"comment_status":"closed","ping_status":"closed","sticky":false,"template":"","format":"standard","meta":{"ngg_post_thumbnail":0,"_jetpack_memberships_contains_paid_content":false,"footnotes":""},"categories":[11],"tags":[],"class_list":["post-1383","post","type-post","status-publish","format-standard","hentry","category-waldspielgruppenberichte-bis-2017"],"jetpack_featured_media_url":"","jetpack_sharing_enabled":true,"_links":{"self":[{"href":"https:\/\/waldkindergarten-berglen.de\/index.php?rest_route=\/wp\/v2\/posts\/1383","targetHints":{"allow":["GET"]}}],"collection":[{"href":"https:\/\/waldkindergarten-berglen.de\/index.php?rest_route=\/wp\/v2\/posts"}],"about":[{"href":"https:\/\/waldkindergarten-berglen.de\/index.php?rest_route=\/wp\/v2\/types\/post"}],"author":[{"embeddable":true,"href":"https:\/\/waldkindergarten-berglen.de\/index.php?rest_route=\/wp\/v2\/users\/1"}],"replies":[{"embeddable":true,"href":"https:\/\/waldkindergarten-berglen.de\/index.php?rest_route=%2Fwp%2Fv2%2Fcomments&post=1383"}],"version-history":[{"count":0,"href":"https:\/\/waldkindergarten-berglen.de\/index.php?rest_route=\/wp\/v2\/posts\/1383\/revisions"}],"wp:attachment":[{"href":"https:\/\/waldkindergarten-berglen.de\/index.php?rest_route=%2Fwp%2Fv2%2Fmedia&parent=1383"}],"wp:term":[{"taxonomy":"category","embeddable":true,"href":"https:\/\/waldkindergarten-berglen.de\/index.php?rest_route=%2Fwp%2Fv2%2Fcategories&post=1383"},{"taxonomy":"post_tag","embeddable":true,"href":"https:\/\/waldkindergarten-berglen.de\/index.php?rest_route=%2Fwp%2Fv2%2Ftags&post=1383"}],"curies":[{"name":"wp","href":"https:\/\/api.w.org\/{rel}","templated":true}]}}