{"id":1385,"date":"2015-06-15T12:00:44","date_gmt":"2015-06-15T12:00:44","guid":{"rendered":"http:\/\/waldkindergarten-berglen.de\/?p=1385"},"modified":"2015-06-15T12:00:44","modified_gmt":"2015-06-15T12:00:44","slug":"grosse-ereignisse-werfen-ihre-schatten-voraus","status":"publish","type":"post","link":"https:\/\/waldkindergarten-berglen.de\/?p=1385","title":{"rendered":"Gro\u00dfe Ereignisse werfen ihre Schatten voraus"},"content":{"rendered":"<p>F\u00fcr unsere gro\u00dfen F\u00fcchse r\u00fcckt die Schulzeit immer n\u00e4her. Letzte Woche durften sie die Sternschule besuchen.<br \/>\nZusammen wanderten sie \u00fcber \u00d6dernhardt zur Schule hinunter. Auf der gro\u00dfen Wiese vesperten sie gemeinsam. Danach durften alle F\u00fcchse eine Schulstunde erleben.<\/p>\n<p>Die Lehrerin hie\u00df sie willkommen. Dann kam die Zauberin Nola zu Besuch und verzauberte einige Tiere. So entstand z.B. ein Schildkr\u00f6tenkamel. Danach durften sie noch ein Heft mit verschiedenen Tieren basteln.<br \/>\nZum Abschluss diesen Tages wanderten sie gemeinsam auf den gro\u00dfen Spielplatz bei der Kirche und durften im Bach mit Wasser spielen. Das war ein sch\u00f6ner Abschluss des Tages.<\/p>\n<p><em>Wussten Sie schon?<\/em><br \/>\n<em>Laubfr\u00f6sche und Gelbbauchunken legen ihren Laich gern an der Unterseite von Grashalmen ab, die unter Wasser liegen.<\/em><\/p>\n","protected":false},"excerpt":{"rendered":"<p>F\u00fcr unsere gro\u00dfen F\u00fcchse r\u00fcckt die Schulzeit immer n\u00e4her. Letzte Woche durften sie die Sternschule besuchen. Zusammen wanderten sie \u00fcber \u00d6dernhardt zur Schule hinunter. Auf der gro\u00dfen Wiese vesperten sie gemeinsam. Danach durften alle F\u00fcchse eine Schulstunde erleben. Die Lehrerin hie\u00df sie willkommen. Dann kam die Zauberin Nola zu Besuch und verzauberte einige Tiere. So&hellip; <a href=\"https:\/\/waldkindergarten-berglen.de\/?p=1385\" class=\"more-link\">Weiterlesen <span class=\"screen-reader-text\">Gro\u00dfe Ereignisse werfen ihre Schatten voraus<\/span><\/a><\/p>\n","protected":false},"author":1,"featured_media":0,"comment_status":"closed","ping_status":"closed","sticky":false,"template":"","format":"standard","meta":{"ngg_post_thumbnail":0,"_jetpack_memberships_contains_paid_content":false,"footnotes":""},"categories":[3],"tags":[],"class_list":["post-1385","post","type-post","status-publish","format-standard","hentry","category-berichte"],"jetpack_featured_media_url":"","jetpack_sharing_enabled":true,"_links":{"self":[{"href":"https:\/\/waldkindergarten-berglen.de\/index.php?rest_route=\/wp\/v2\/posts\/1385","targetHints":{"allow":["GET"]}}],"collection":[{"href":"https:\/\/waldkindergarten-berglen.de\/index.php?rest_route=\/wp\/v2\/posts"}],"about":[{"href":"https:\/\/waldkindergarten-berglen.de\/index.php?rest_route=\/wp\/v2\/types\/post"}],"author":[{"embeddable":true,"href":"https:\/\/waldkindergarten-berglen.de\/index.php?rest_route=\/wp\/v2\/users\/1"}],"replies":[{"embeddable":true,"href":"https:\/\/waldkindergarten-berglen.de\/index.php?rest_route=%2Fwp%2Fv2%2Fcomments&post=1385"}],"version-history":[{"count":0,"href":"https:\/\/waldkindergarten-berglen.de\/index.php?rest_route=\/wp\/v2\/posts\/1385\/revisions"}],"wp:attachment":[{"href":"https:\/\/waldkindergarten-berglen.de\/index.php?rest_route=%2Fwp%2Fv2%2Fmedia&parent=1385"}],"wp:term":[{"taxonomy":"category","embeddable":true,"href":"https:\/\/waldkindergarten-berglen.de\/index.php?rest_route=%2Fwp%2Fv2%2Fcategories&post=1385"},{"taxonomy":"post_tag","embeddable":true,"href":"https:\/\/waldkindergarten-berglen.de\/index.php?rest_route=%2Fwp%2Fv2%2Ftags&post=1385"}],"curies":[{"name":"wp","href":"https:\/\/api.w.org\/{rel}","templated":true}]}}