{"id":1387,"date":"2015-06-15T11:00:19","date_gmt":"2015-06-15T09:00:19","guid":{"rendered":"http:\/\/waldkindergarten-berglen.de\/?p=1387"},"modified":"2015-06-15T11:00:19","modified_gmt":"2015-06-15T09:00:19","slug":"neues-aus-der-waldspielgruppe-11","status":"publish","type":"post","link":"https:\/\/waldkindergarten-berglen.de\/?p=1387","title":{"rendered":"Neues aus der Waldspielgruppe"},"content":{"rendered":"<p>Hatten wir vor Kurzem bei 33 \u00b0C noch m\u00f6glichst viel ausgezogen, so war am 10. Juni 2015 genau das Gegenteil dran: Warm eingepackt, bei 13 \u00b0C und frischem Wind, trafen wir uns nach 2 Wochen Pfingstferien wieder frohgemut.<br \/>\nWir begr\u00fc\u00dften neue Teilnehmer in unserer Gruppe, darunter sogar ein Mann!<\/p>\n<p>Ein letztes Mal sollte es um den Marienk\u00e4fer gehen.\u00a0 Nach dem Singen und Bilderbuchschauen ging es wie immer ans Klettern.<\/p>\n<p>Der starke Regen hatte unseren Berg sehr ausgewaschen, so dass die 1-2 J\u00e4hrigen sich neue Kletter- und Rutschwege suchen mussten.<\/p>\n<p>Auch die Zaghafteren wagten sich jetzt ans Gipfelst\u00fcrmen. Nach dem Vesper gestalteten wir mit Fingerabdr\u00fccken und\/oder roten Wachstropfen auf gr\u00fcnem Papier eine Wiese voller K\u00e4ferchen zum Mitheimnehmen.<\/p>\n<figure id=\"attachment_1388\" aria-describedby=\"caption-attachment-1388\" style=\"width: 460px\" class=\"wp-caption alignnone\"><img loading=\"lazy\" decoding=\"async\" class=\"size-full wp-image-1388\" src=\"http:\/\/waldkindergarten-berglen.de\/wp-content\/uploads\/2016\/06\/953-1-1.jpg\" alt=\"Erst den K\u00f6rper aus Wachs dann die F\u00fc\u00dfe zeichnen!\" width=\"460\" height=\"345\" \/><figcaption id=\"caption-attachment-1388\" class=\"wp-caption-text\">Erst den K\u00f6rper aus Wachs dann die F\u00fc\u00dfe zeichnen!<\/figcaption><\/figure>\n<figure id=\"attachment_1389\" aria-describedby=\"caption-attachment-1389\" style=\"width: 345px\" class=\"wp-caption alignnone\"><img loading=\"lazy\" decoding=\"async\" class=\"size-full wp-image-1389\" src=\"http:\/\/waldkindergarten-berglen.de\/wp-content\/uploads\/2016\/06\/954-1-1.jpg\" alt=\"Komm ich zeig\u00b4s Dir!\" width=\"345\" height=\"460\" \/><figcaption id=\"caption-attachment-1389\" class=\"wp-caption-text\">Komm ich zeig\u00b4s Dir!<\/figcaption><\/figure>\n<figure id=\"attachment_1390\" aria-describedby=\"caption-attachment-1390\" style=\"width: 460px\" class=\"wp-caption alignnone\"><img loading=\"lazy\" decoding=\"async\" class=\"size-full wp-image-1390\" src=\"http:\/\/waldkindergarten-berglen.de\/wp-content\/uploads\/2016\/06\/955-1-1.jpg\" alt=\"Papa staunt wie sch\u00f6n das wird!\" width=\"460\" height=\"345\" \/><figcaption id=\"caption-attachment-1390\" class=\"wp-caption-text\">Papa staunt wie sch\u00f6n das wird!<\/figcaption><\/figure>\n<p>Sch\u00f6n war`s!<\/p>\n","protected":false},"excerpt":{"rendered":"<p>Hatten wir vor Kurzem bei 33 \u00b0C noch m\u00f6glichst viel ausgezogen, so war am 10. Juni 2015 genau das Gegenteil dran: Warm eingepackt, bei 13 \u00b0C und frischem Wind, trafen wir uns nach 2 Wochen Pfingstferien wieder frohgemut. Wir begr\u00fc\u00dften neue Teilnehmer in unserer Gruppe, darunter sogar ein Mann! Ein letztes Mal sollte es um&hellip; <a href=\"https:\/\/waldkindergarten-berglen.de\/?p=1387\" class=\"more-link\">Weiterlesen <span class=\"screen-reader-text\">Neues aus der Waldspielgruppe<\/span><\/a><\/p>\n","protected":false},"author":1,"featured_media":0,"comment_status":"closed","ping_status":"closed","sticky":false,"template":"","format":"standard","meta":{"ngg_post_thumbnail":0,"_jetpack_memberships_contains_paid_content":false,"footnotes":""},"categories":[11],"tags":[],"class_list":["post-1387","post","type-post","status-publish","format-standard","hentry","category-waldspielgruppenberichte-bis-2017"],"jetpack_featured_media_url":"","jetpack_sharing_enabled":true,"_links":{"self":[{"href":"https:\/\/waldkindergarten-berglen.de\/index.php?rest_route=\/wp\/v2\/posts\/1387","targetHints":{"allow":["GET"]}}],"collection":[{"href":"https:\/\/waldkindergarten-berglen.de\/index.php?rest_route=\/wp\/v2\/posts"}],"about":[{"href":"https:\/\/waldkindergarten-berglen.de\/index.php?rest_route=\/wp\/v2\/types\/post"}],"author":[{"embeddable":true,"href":"https:\/\/waldkindergarten-berglen.de\/index.php?rest_route=\/wp\/v2\/users\/1"}],"replies":[{"embeddable":true,"href":"https:\/\/waldkindergarten-berglen.de\/index.php?rest_route=%2Fwp%2Fv2%2Fcomments&post=1387"}],"version-history":[{"count":0,"href":"https:\/\/waldkindergarten-berglen.de\/index.php?rest_route=\/wp\/v2\/posts\/1387\/revisions"}],"wp:attachment":[{"href":"https:\/\/waldkindergarten-berglen.de\/index.php?rest_route=%2Fwp%2Fv2%2Fmedia&parent=1387"}],"wp:term":[{"taxonomy":"category","embeddable":true,"href":"https:\/\/waldkindergarten-berglen.de\/index.php?rest_route=%2Fwp%2Fv2%2Fcategories&post=1387"},{"taxonomy":"post_tag","embeddable":true,"href":"https:\/\/waldkindergarten-berglen.de\/index.php?rest_route=%2Fwp%2Fv2%2Ftags&post=1387"}],"curies":[{"name":"wp","href":"https:\/\/api.w.org\/{rel}","templated":true}]}}