{"id":1392,"date":"2015-06-08T10:00:29","date_gmt":"2015-06-08T10:00:29","guid":{"rendered":"http:\/\/waldkindergarten-berglen.de\/?p=1392"},"modified":"2015-06-08T10:00:29","modified_gmt":"2015-06-08T10:00:29","slug":"start-in-den-sommer","status":"publish","type":"post","link":"https:\/\/waldkindergarten-berglen.de\/?p=1392","title":{"rendered":"Start in den Sommer"},"content":{"rendered":"<p>Unsere Waldkinder und ihre Erzieherinnen freuen sich auf das Wiedersehen nach den Pfingstferien! Da gibt es viel zu erz\u00e4hlen und nach dem Sommeranfang auch vieles neu zu entdecken.<\/p>\n<h4>Bitte helfen Sie mit!<\/h4>\n<p>T\u00e4glich d\u00fcrfen wir uns auf dem Kottweiler Waldspielplatz treffen und wissen es sehr zu sch\u00e4tzen, dass dies noch ein sch\u00f6ner Ort ist, an dem unsere Kinder unbek\u00fcmmert spielen k\u00f6nnen. Wir tun viel daf\u00fcr, dass dies auch so bleibt.<\/p>\n<p>Sch\u00f6n, dass noch viele andere diesen tollen Platz zu sch\u00e4tzen wissen um dort z.B. gem\u00fctlich zu grillen, w\u00e4hrend die Kinder sich fr\u00f6hlich austoben k\u00f6nnen.<br \/>\nLeider wird immer wieder M\u00fcll vergessen oder Glasscherben bleiben zur\u00fcck. Das ist nicht nur sch\u00e4dlich f\u00fcr die Umwelt, sondern auch gef\u00e4hrlich f\u00fcr die Kinder, welche diesen Spielplatz nutzen.<br \/>\nDeshalb bitten wir Sie, uns zu helfen, den Spiel- und Grillplatz sauber zu halten!<\/p>\n<p><strong>Vielen Dank f\u00fcr Ihre Mithilfe!!<\/strong><\/p>\n<p><em>Wussten Sie schon?<\/em><br \/>\n<em>Dass es besonders bei Laubb\u00e4umen sowohl Schattenbl\u00e4tter wie auch Sonnenbl\u00e4tter gibt, die erst w\u00e4hrend der Blattentwicklung durch die Einwirkung des Lichts spezialisiert werden?<\/em><\/p>\n","protected":false},"excerpt":{"rendered":"<p>Unsere Waldkinder und ihre Erzieherinnen freuen sich auf das Wiedersehen nach den Pfingstferien! Da gibt es viel zu erz\u00e4hlen und nach dem Sommeranfang auch vieles neu zu entdecken. Bitte helfen Sie mit! T\u00e4glich d\u00fcrfen wir uns auf dem Kottweiler Waldspielplatz treffen und wissen es sehr zu sch\u00e4tzen, dass dies noch ein sch\u00f6ner Ort ist, an&hellip; <a href=\"https:\/\/waldkindergarten-berglen.de\/?p=1392\" class=\"more-link\">Weiterlesen <span class=\"screen-reader-text\">Start in den Sommer<\/span><\/a><\/p>\n","protected":false},"author":1,"featured_media":0,"comment_status":"closed","ping_status":"closed","sticky":false,"template":"","format":"standard","meta":{"ngg_post_thumbnail":0,"_jetpack_memberships_contains_paid_content":false,"footnotes":""},"categories":[3],"tags":[],"class_list":["post-1392","post","type-post","status-publish","format-standard","hentry","category-berichte"],"jetpack_featured_media_url":"","jetpack_sharing_enabled":true,"_links":{"self":[{"href":"https:\/\/waldkindergarten-berglen.de\/index.php?rest_route=\/wp\/v2\/posts\/1392","targetHints":{"allow":["GET"]}}],"collection":[{"href":"https:\/\/waldkindergarten-berglen.de\/index.php?rest_route=\/wp\/v2\/posts"}],"about":[{"href":"https:\/\/waldkindergarten-berglen.de\/index.php?rest_route=\/wp\/v2\/types\/post"}],"author":[{"embeddable":true,"href":"https:\/\/waldkindergarten-berglen.de\/index.php?rest_route=\/wp\/v2\/users\/1"}],"replies":[{"embeddable":true,"href":"https:\/\/waldkindergarten-berglen.de\/index.php?rest_route=%2Fwp%2Fv2%2Fcomments&post=1392"}],"version-history":[{"count":0,"href":"https:\/\/waldkindergarten-berglen.de\/index.php?rest_route=\/wp\/v2\/posts\/1392\/revisions"}],"wp:attachment":[{"href":"https:\/\/waldkindergarten-berglen.de\/index.php?rest_route=%2Fwp%2Fv2%2Fmedia&parent=1392"}],"wp:term":[{"taxonomy":"category","embeddable":true,"href":"https:\/\/waldkindergarten-berglen.de\/index.php?rest_route=%2Fwp%2Fv2%2Fcategories&post=1392"},{"taxonomy":"post_tag","embeddable":true,"href":"https:\/\/waldkindergarten-berglen.de\/index.php?rest_route=%2Fwp%2Fv2%2Ftags&post=1392"}],"curies":[{"name":"wp","href":"https:\/\/api.w.org\/{rel}","templated":true}]}}