{"id":1394,"date":"2015-05-25T09:10:00","date_gmt":"2015-05-25T09:10:00","guid":{"rendered":"http:\/\/waldkindergarten-berglen.de\/?p=1394"},"modified":"2015-05-25T09:10:00","modified_gmt":"2015-05-25T09:10:00","slug":"flieg-kleiner-kaefer-flieg","status":"publish","type":"post","link":"https:\/\/waldkindergarten-berglen.de\/?p=1394","title":{"rendered":"Flieg, kleiner K\u00e4fer, flieg"},"content":{"rendered":"<p>W\u00e4hrend wir Gro\u00dfen die winzigen Sch\u00f6nheiten um uns herum oft nicht sehen, scheinen die Kinder gerade daf\u00fcr einen ausgepr\u00e4gten Sinn zu haben.<br \/>\nSo entdeckten die Waldkinder in den letzten Tagen immer h\u00e4ufiger Marienk\u00e4fer und wurden neugierig auf diese einzigartigen Tiere. Daraufhin machten unsere Erzieherinnen die Marienk\u00e4fer zu ihrem neuen Thema.<\/p>\n<p>Eingangs durften die Wichtel und Zwerge ihr bereits vorhandenes Wissen zu den gepunkteten K\u00e4fern preisgeben.<\/p>\n<p>Dann lernten sie Lieder und Spiele \u00fcber die kleinen Tierchen kennen, die sie durch das ganze Thema hindurch begleiten werden.<br \/>\nWie verzaubert lauschten die Kinder der Geschichte eines kleinen Marienk\u00e4fers und konnten so die Welt aus der Sicht eines winzigen K\u00e4fers sehen.<br \/>\nZum Ende der Woche bereicherten die Waldkinder ihren Wissensschatz mit Hilfe eines Sachbuchs aus dem sie zum Beispiel auch erfuhren, dass die Punkte auf dem R\u00fccken der Marienk\u00e4fer nicht etwa R\u00fcckschluss auf das Alter geben sondern eher auf die Art, wobei die Punktanzahl auch innerhalb einer Art variieren kann.<\/p>\n<p><em>Wussten Sie schon?<\/em><br \/>\n<em>Dass Marienk\u00e4fer, je nach Art, schon in der Larvenzeit bis zu 3000 Pflanzenl\u00e4use und Spinnmilben fressen?<\/em><\/p>\n","protected":false},"excerpt":{"rendered":"<p>W\u00e4hrend wir Gro\u00dfen die winzigen Sch\u00f6nheiten um uns herum oft nicht sehen, scheinen die Kinder gerade daf\u00fcr einen ausgepr\u00e4gten Sinn zu haben. So entdeckten die Waldkinder in den letzten Tagen immer h\u00e4ufiger Marienk\u00e4fer und wurden neugierig auf diese einzigartigen Tiere. Daraufhin machten unsere Erzieherinnen die Marienk\u00e4fer zu ihrem neuen Thema. Eingangs durften die Wichtel und&hellip; <a href=\"https:\/\/waldkindergarten-berglen.de\/?p=1394\" class=\"more-link\">Weiterlesen <span class=\"screen-reader-text\">Flieg, kleiner K\u00e4fer, flieg<\/span><\/a><\/p>\n","protected":false},"author":1,"featured_media":0,"comment_status":"closed","ping_status":"closed","sticky":false,"template":"","format":"standard","meta":{"ngg_post_thumbnail":0,"_jetpack_memberships_contains_paid_content":false,"footnotes":""},"categories":[3],"tags":[],"class_list":["post-1394","post","type-post","status-publish","format-standard","hentry","category-berichte"],"jetpack_featured_media_url":"","jetpack_sharing_enabled":true,"_links":{"self":[{"href":"https:\/\/waldkindergarten-berglen.de\/index.php?rest_route=\/wp\/v2\/posts\/1394","targetHints":{"allow":["GET"]}}],"collection":[{"href":"https:\/\/waldkindergarten-berglen.de\/index.php?rest_route=\/wp\/v2\/posts"}],"about":[{"href":"https:\/\/waldkindergarten-berglen.de\/index.php?rest_route=\/wp\/v2\/types\/post"}],"author":[{"embeddable":true,"href":"https:\/\/waldkindergarten-berglen.de\/index.php?rest_route=\/wp\/v2\/users\/1"}],"replies":[{"embeddable":true,"href":"https:\/\/waldkindergarten-berglen.de\/index.php?rest_route=%2Fwp%2Fv2%2Fcomments&post=1394"}],"version-history":[{"count":0,"href":"https:\/\/waldkindergarten-berglen.de\/index.php?rest_route=\/wp\/v2\/posts\/1394\/revisions"}],"wp:attachment":[{"href":"https:\/\/waldkindergarten-berglen.de\/index.php?rest_route=%2Fwp%2Fv2%2Fmedia&parent=1394"}],"wp:term":[{"taxonomy":"category","embeddable":true,"href":"https:\/\/waldkindergarten-berglen.de\/index.php?rest_route=%2Fwp%2Fv2%2Fcategories&post=1394"},{"taxonomy":"post_tag","embeddable":true,"href":"https:\/\/waldkindergarten-berglen.de\/index.php?rest_route=%2Fwp%2Fv2%2Ftags&post=1394"}],"curies":[{"name":"wp","href":"https:\/\/api.w.org\/{rel}","templated":true}]}}