{"id":1396,"date":"2015-06-27T08:00:34","date_gmt":"2015-06-27T06:00:34","guid":{"rendered":"http:\/\/waldkindergarten-berglen.de\/?p=1396"},"modified":"2015-06-27T08:00:34","modified_gmt":"2015-06-27T06:00:34","slug":"neues-aus-der-waldspielgruppe-12","status":"publish","type":"post","link":"https:\/\/waldkindergarten-berglen.de\/?p=1396","title":{"rendered":"Neues aus der Waldspielgruppe"},"content":{"rendered":"<p>Hatten wir doch tats\u00e4chlich vergessen, uns am 20.05.15 mit langen Unterhosen und Handschuhen auszur\u00fcsten!<\/p>\n<p>Den Temperatursturz auf 9\u00b0C und Regen hatten wir stark untersch\u00e4tzt. Noch halbwegs warm begannen wir unseren Vormittag zum Thema \u00abMarienk\u00e4fer\u00bb mit Liedern und einem Bilderbuch, in dem ein Pl\u00fcschk\u00e4fer das Buch durch L\u00f6cher durchwandert und die verschiedensten Orte besucht.<\/p>\n<p>Fasziniert lie\u00dfen dann die 1-2 J\u00e4hrigen selbst den K\u00e4fer das Buch durchqueren.<\/p>\n<p>Um in Bewegung zu bleiben gingen wir dann an den Kletterberg und machten ein Bewegungslied.<\/p>\n<p>Schon ziemlich ausgek\u00fchlt vesperten wir dann in der H\u00fctte und bastelten uns Marienk\u00e4fermasken, die die Kleinen aber zumeist recht skeptisch beurteilten.<\/p>\n<p>Wieder drau\u00dfen im Wald hatten wir dann keine Lust mehr, furchtbar zu frieren, und verabschiedeten uns f\u00fcr die n\u00e4chsten 14 Tage, in denen wir uns ja wieder gut aufw\u00e4rmen k\u00f6nnen.<\/p>\n","protected":false},"excerpt":{"rendered":"<p>Hatten wir doch tats\u00e4chlich vergessen, uns am 20.05.15 mit langen Unterhosen und Handschuhen auszur\u00fcsten! Den Temperatursturz auf 9\u00b0C und Regen hatten wir stark untersch\u00e4tzt. Noch halbwegs warm begannen wir unseren Vormittag zum Thema \u00abMarienk\u00e4fer\u00bb mit Liedern und einem Bilderbuch, in dem ein Pl\u00fcschk\u00e4fer das Buch durch L\u00f6cher durchwandert und die verschiedensten Orte besucht. Fasziniert lie\u00dfen&hellip; <a href=\"https:\/\/waldkindergarten-berglen.de\/?p=1396\" class=\"more-link\">Weiterlesen <span class=\"screen-reader-text\">Neues aus der Waldspielgruppe<\/span><\/a><\/p>\n","protected":false},"author":1,"featured_media":0,"comment_status":"closed","ping_status":"closed","sticky":false,"template":"","format":"standard","meta":{"ngg_post_thumbnail":0,"_jetpack_memberships_contains_paid_content":false,"footnotes":""},"categories":[11],"tags":[],"class_list":["post-1396","post","type-post","status-publish","format-standard","hentry","category-waldspielgruppenberichte-bis-2017"],"jetpack_featured_media_url":"","jetpack_sharing_enabled":true,"_links":{"self":[{"href":"https:\/\/waldkindergarten-berglen.de\/index.php?rest_route=\/wp\/v2\/posts\/1396","targetHints":{"allow":["GET"]}}],"collection":[{"href":"https:\/\/waldkindergarten-berglen.de\/index.php?rest_route=\/wp\/v2\/posts"}],"about":[{"href":"https:\/\/waldkindergarten-berglen.de\/index.php?rest_route=\/wp\/v2\/types\/post"}],"author":[{"embeddable":true,"href":"https:\/\/waldkindergarten-berglen.de\/index.php?rest_route=\/wp\/v2\/users\/1"}],"replies":[{"embeddable":true,"href":"https:\/\/waldkindergarten-berglen.de\/index.php?rest_route=%2Fwp%2Fv2%2Fcomments&post=1396"}],"version-history":[{"count":0,"href":"https:\/\/waldkindergarten-berglen.de\/index.php?rest_route=\/wp\/v2\/posts\/1396\/revisions"}],"wp:attachment":[{"href":"https:\/\/waldkindergarten-berglen.de\/index.php?rest_route=%2Fwp%2Fv2%2Fmedia&parent=1396"}],"wp:term":[{"taxonomy":"category","embeddable":true,"href":"https:\/\/waldkindergarten-berglen.de\/index.php?rest_route=%2Fwp%2Fv2%2Fcategories&post=1396"},{"taxonomy":"post_tag","embeddable":true,"href":"https:\/\/waldkindergarten-berglen.de\/index.php?rest_route=%2Fwp%2Fv2%2Ftags&post=1396"}],"curies":[{"name":"wp","href":"https:\/\/api.w.org\/{rel}","templated":true}]}}