{"id":1398,"date":"2015-05-18T07:00:36","date_gmt":"2015-05-18T07:00:36","guid":{"rendered":"http:\/\/waldkindergarten-berglen.de\/?p=1398"},"modified":"2015-05-18T07:00:36","modified_gmt":"2015-05-18T07:00:36","slug":"muttertag","status":"publish","type":"post","link":"https:\/\/waldkindergarten-berglen.de\/?p=1398","title":{"rendered":"Muttertag"},"content":{"rendered":"<p>Wundersch\u00f6n mit einem Herz aus L\u00f6wenzahnbl\u00fcten und Pustebl\u00fcten war der Tisch f\u00fcr uns Kindergarten-Mamas gedeckt. Mit einem Fl\u00f6tenspiel wurden wir in den Morgenkreis gerufen. Unsere Kinder erwarteten uns schon.<\/p>\n<figure id=\"attachment_1399\" aria-describedby=\"caption-attachment-1399\" style=\"width: 345px\" class=\"wp-caption alignnone\"><img loading=\"lazy\" decoding=\"async\" class=\"size-full wp-image-1399\" src=\"http:\/\/waldkindergarten-berglen.de\/wp-content\/uploads\/2016\/06\/948-1-1.jpg\" alt=\"Ein Herzle f\u00fcr unsere Mamas\" width=\"345\" height=\"460\" \/><figcaption id=\"caption-attachment-1399\" class=\"wp-caption-text\">Ein Herzle f\u00fcr unsere Mamas<\/figcaption><\/figure>\n<p>Die Kinder haben f\u00fcr uns ein L\u00f6wenzahnlied einstudiert und uns damit erfreut. Jede Mama bekam einen leuchtenden, selbst gepfl\u00fcckten Blumenstrau\u00df. Im Anschluss daran wurden wir mit einer sanften R\u00fcckenmassage verw\u00f6hnt.<\/p>\n<p>Danach durfte jedes Waldkind seiner Mutter ein Glas frisches L\u00f6wenzahngelee \u00fcberreichen. Die Waldkinder haben das Gelee \u00fcber dem Feuer gekocht. Und zur Einstimmung auf das Fr\u00fchst\u00fcck am n\u00e4chsten Morgen bekam jeder ein Probiererle. Hm, superlecker.<\/p>\n<figure id=\"attachment_1400\" aria-describedby=\"caption-attachment-1400\" style=\"width: 460px\" class=\"wp-caption alignnone\"><img loading=\"lazy\" decoding=\"async\" class=\"size-full wp-image-1400\" src=\"http:\/\/waldkindergarten-berglen.de\/wp-content\/uploads\/2016\/06\/949-1-1.jpg\" alt=\"F\u00fcr meine Mama\" width=\"460\" height=\"345\" \/><figcaption id=\"caption-attachment-1400\" class=\"wp-caption-text\">F\u00fcr meine Mama<\/figcaption><\/figure>\n<figure id=\"attachment_1401\" aria-describedby=\"caption-attachment-1401\" style=\"width: 345px\" class=\"wp-caption alignnone\"><img loading=\"lazy\" decoding=\"async\" class=\"size-full wp-image-1401\" src=\"http:\/\/waldkindergarten-berglen.de\/wp-content\/uploads\/2016\/06\/950-1-1.jpg\" alt=\"Ich schenk Dir L\u00f6wenzahngelee\" width=\"345\" height=\"460\" \/><figcaption id=\"caption-attachment-1401\" class=\"wp-caption-text\">Ich schenk Dir L\u00f6wenzahngelee<\/figcaption><\/figure>\n<p><em>Wussten Sie schon?<\/em><br \/>\n<em>In der Hom\u00f6opathie wird der Hahnenfu\u00df \u00e4u\u00dferlich bei Hautausschl\u00e4gen, Gicht und Rheuma eingesetzt.<\/em><\/p>\n","protected":false},"excerpt":{"rendered":"<p>Wundersch\u00f6n mit einem Herz aus L\u00f6wenzahnbl\u00fcten und Pustebl\u00fcten war der Tisch f\u00fcr uns Kindergarten-Mamas gedeckt. Mit einem Fl\u00f6tenspiel wurden wir in den Morgenkreis gerufen. Unsere Kinder erwarteten uns schon. Die Kinder haben f\u00fcr uns ein L\u00f6wenzahnlied einstudiert und uns damit erfreut. Jede Mama bekam einen leuchtenden, selbst gepfl\u00fcckten Blumenstrau\u00df. Im Anschluss daran wurden wir mit&hellip; <a href=\"https:\/\/waldkindergarten-berglen.de\/?p=1398\" class=\"more-link\">Weiterlesen <span class=\"screen-reader-text\">Muttertag<\/span><\/a><\/p>\n","protected":false},"author":1,"featured_media":0,"comment_status":"closed","ping_status":"closed","sticky":false,"template":"","format":"standard","meta":{"ngg_post_thumbnail":0,"_jetpack_memberships_contains_paid_content":false,"footnotes":""},"categories":[3],"tags":[],"class_list":["post-1398","post","type-post","status-publish","format-standard","hentry","category-berichte"],"jetpack_featured_media_url":"","jetpack_sharing_enabled":true,"_links":{"self":[{"href":"https:\/\/waldkindergarten-berglen.de\/index.php?rest_route=\/wp\/v2\/posts\/1398","targetHints":{"allow":["GET"]}}],"collection":[{"href":"https:\/\/waldkindergarten-berglen.de\/index.php?rest_route=\/wp\/v2\/posts"}],"about":[{"href":"https:\/\/waldkindergarten-berglen.de\/index.php?rest_route=\/wp\/v2\/types\/post"}],"author":[{"embeddable":true,"href":"https:\/\/waldkindergarten-berglen.de\/index.php?rest_route=\/wp\/v2\/users\/1"}],"replies":[{"embeddable":true,"href":"https:\/\/waldkindergarten-berglen.de\/index.php?rest_route=%2Fwp%2Fv2%2Fcomments&post=1398"}],"version-history":[{"count":0,"href":"https:\/\/waldkindergarten-berglen.de\/index.php?rest_route=\/wp\/v2\/posts\/1398\/revisions"}],"wp:attachment":[{"href":"https:\/\/waldkindergarten-berglen.de\/index.php?rest_route=%2Fwp%2Fv2%2Fmedia&parent=1398"}],"wp:term":[{"taxonomy":"category","embeddable":true,"href":"https:\/\/waldkindergarten-berglen.de\/index.php?rest_route=%2Fwp%2Fv2%2Fcategories&post=1398"},{"taxonomy":"post_tag","embeddable":true,"href":"https:\/\/waldkindergarten-berglen.de\/index.php?rest_route=%2Fwp%2Fv2%2Ftags&post=1398"}],"curies":[{"name":"wp","href":"https:\/\/api.w.org\/{rel}","templated":true}]}}