{"id":1405,"date":"2015-05-11T05:00:32","date_gmt":"2015-05-11T05:00:32","guid":{"rendered":"http:\/\/waldkindergarten-berglen.de\/?p=1405"},"modified":"2015-05-11T05:00:32","modified_gmt":"2015-05-11T05:00:32","slug":"wunderbarer-loewenzahn","status":"publish","type":"post","link":"https:\/\/waldkindergarten-berglen.de\/?p=1405","title":{"rendered":"Wunderbarer L\u00f6wenzahn"},"content":{"rendered":"<p>Die Natur ist unglaublich vielseitig und hat einzigartige Verwandlungsf\u00e4higkeiten.<br \/>\nEin tolles Beispiel daf\u00fcr ist der L\u00f6wenzahn.<br \/>\nDa zur Zeit viele L\u00f6wenz\u00e4hne bl\u00fchen, thematisierten unsere Erzieherinnen diese Blume ausf\u00fchrlich.<\/p>\n<p>So zeigten und erkl\u00e4rten sie wie der L\u00f6wenzahn sich vom Samen zur gelb bl\u00fchenden Blume und danach zur flauschigen Pusteblume verwandelt.<\/p>\n<p>Doch der L\u00f6wenzahn kann noch mehr.<\/p>\n<p>Seine gelben Bl\u00fcten eignen sich wunderbar zum Malen. Also durften die Zwerge und Wichtel mit den gelben Bl\u00fcten eine L\u00f6wenzahnbl\u00fcte und mit den gr\u00fcnen Stielen die Gr\u00fcnteile des L\u00f6wenzahns auf Papier malen.<\/p>\n<p>Dass dies auch sehr gut auf der Haut funktioniert gefiel den Kindern besonders gut.<\/p>\n<p>Sehr viel Spa\u00df bereitete auch der Versuch mit den Stielen, bei denen diese angeritzt und ins Wasser gelegt werden, damit sie sich anschlie\u00dfend wundersch\u00f6n kringeln.<\/p>\n<p><em>Wussten Sie schon?<\/em><br \/>\n<em>Dass der L\u00f6wenzahn eine wichtige Heilpflanze ist, die unter anderem blutbildend, blutreinigend, gut gegen Fr\u00fchjahrsm\u00fcdigkeit, Appetitlosigkeit, Verstopfung, chronische Gelenkerkrankungen und vieles andere mehr wirkt?<\/em><\/p>\n","protected":false},"excerpt":{"rendered":"<p>Die Natur ist unglaublich vielseitig und hat einzigartige Verwandlungsf\u00e4higkeiten. Ein tolles Beispiel daf\u00fcr ist der L\u00f6wenzahn. Da zur Zeit viele L\u00f6wenz\u00e4hne bl\u00fchen, thematisierten unsere Erzieherinnen diese Blume ausf\u00fchrlich. So zeigten und erkl\u00e4rten sie wie der L\u00f6wenzahn sich vom Samen zur gelb bl\u00fchenden Blume und danach zur flauschigen Pusteblume verwandelt. Doch der L\u00f6wenzahn kann noch mehr.&hellip; <a href=\"https:\/\/waldkindergarten-berglen.de\/?p=1405\" class=\"more-link\">Weiterlesen <span class=\"screen-reader-text\">Wunderbarer L\u00f6wenzahn<\/span><\/a><\/p>\n","protected":false},"author":1,"featured_media":0,"comment_status":"closed","ping_status":"closed","sticky":false,"template":"","format":"standard","meta":{"ngg_post_thumbnail":0,"_jetpack_memberships_contains_paid_content":false,"footnotes":""},"categories":[3],"tags":[],"class_list":["post-1405","post","type-post","status-publish","format-standard","hentry","category-berichte"],"jetpack_featured_media_url":"","jetpack_sharing_enabled":true,"_links":{"self":[{"href":"https:\/\/waldkindergarten-berglen.de\/index.php?rest_route=\/wp\/v2\/posts\/1405","targetHints":{"allow":["GET"]}}],"collection":[{"href":"https:\/\/waldkindergarten-berglen.de\/index.php?rest_route=\/wp\/v2\/posts"}],"about":[{"href":"https:\/\/waldkindergarten-berglen.de\/index.php?rest_route=\/wp\/v2\/types\/post"}],"author":[{"embeddable":true,"href":"https:\/\/waldkindergarten-berglen.de\/index.php?rest_route=\/wp\/v2\/users\/1"}],"replies":[{"embeddable":true,"href":"https:\/\/waldkindergarten-berglen.de\/index.php?rest_route=%2Fwp%2Fv2%2Fcomments&post=1405"}],"version-history":[{"count":0,"href":"https:\/\/waldkindergarten-berglen.de\/index.php?rest_route=\/wp\/v2\/posts\/1405\/revisions"}],"wp:attachment":[{"href":"https:\/\/waldkindergarten-berglen.de\/index.php?rest_route=%2Fwp%2Fv2%2Fmedia&parent=1405"}],"wp:term":[{"taxonomy":"category","embeddable":true,"href":"https:\/\/waldkindergarten-berglen.de\/index.php?rest_route=%2Fwp%2Fv2%2Fcategories&post=1405"},{"taxonomy":"post_tag","embeddable":true,"href":"https:\/\/waldkindergarten-berglen.de\/index.php?rest_route=%2Fwp%2Fv2%2Ftags&post=1405"}],"curies":[{"name":"wp","href":"https:\/\/api.w.org\/{rel}","templated":true}]}}