{"id":1407,"date":"2015-05-11T04:00:27","date_gmt":"2015-05-11T02:00:27","guid":{"rendered":"http:\/\/waldkindergarten-berglen.de\/?p=1407"},"modified":"2015-05-11T04:00:27","modified_gmt":"2015-05-11T02:00:27","slug":"die-waldspielgruppe-startet-in-die-fruehjahrssaison","status":"publish","type":"post","link":"https:\/\/waldkindergarten-berglen.de\/?p=1407","title":{"rendered":"Die Waldspielgruppe startet in die Fr\u00fchjahrssaison"},"content":{"rendered":"<p>Zum 10. Mal startete die Waldspielgruppe in einen Fr\u00fchling.<\/p>\n<p>Allerdings war der Lenz dieses Jahr schon sehr fortgeschritten, und es herrschte eher ein gewittrig-k\u00fchles Sommerwetter. Es gab ein frohes Wiedersehen mit vielen M\u00fcttern, die mit ihren \u00abGro\u00dfen\u00bb schon die Gruppe besucht hatten und nun mit dem ca. 1 1\/2 Jahre alten Nachwuchs kamen.<\/p>\n<p>Dieser zeigte sich sehr aufgeschlossen, neugierig und motorisch geschickt, wenn es darum ging, zu laufen oder gar einen kleinen Kletterberg zu erklimmen.<\/p>\n<figure id=\"attachment_1408\" aria-describedby=\"caption-attachment-1408\" style=\"width: 460px\" class=\"wp-caption alignnone\"><img loading=\"lazy\" decoding=\"async\" class=\"size-full wp-image-1408\" src=\"http:\/\/waldkindergarten-berglen.de\/wp-content\/uploads\/2016\/06\/946-1-1.jpg\" alt=\"Wir erklimmen den Kletterberg!\" width=\"460\" height=\"345\" \/><figcaption id=\"caption-attachment-1408\" class=\"wp-caption-text\">Wir erklimmen den Kletterberg!<\/figcaption><\/figure>\n<p>Das Hochklettern an den freiliegenden Baumwurzeln und das anschlie\u00dfende Runterrutschen machte zunehmend Laune. Noch mehr Laune machte es, Seifenblasen zu pusten.<\/p>\n<figure id=\"attachment_1409\" aria-describedby=\"caption-attachment-1409\" style=\"width: 460px\" class=\"wp-caption alignnone\"><img loading=\"lazy\" decoding=\"async\" class=\"size-full wp-image-1409\" src=\"http:\/\/waldkindergarten-berglen.de\/wp-content\/uploads\/2016\/06\/947-1-1.jpg\" alt=\"Seifenblasen befl\u00fcgeln unsere Sinne!\" width=\"460\" height=\"345\" \/><figcaption id=\"caption-attachment-1409\" class=\"wp-caption-text\">Seifenblasen befl\u00fcgeln unsere Sinne!<\/figcaption><\/figure>\n<p>Die M\u00fctter wollten den Nachwuchs eher ungern pusten lassen, weil es selber so viel Freude machte.<\/p>\n<p>Aber wie stolz kann ein einj\u00e4hriges Kind sein, wenn es einige Blasen hinkriegt!<\/p>\n<p>Ein gutes Rezept gegen schlechte Stimmung: Machen Sie Seifenblasen!<\/p>\n","protected":false},"excerpt":{"rendered":"<p>Zum 10. Mal startete die Waldspielgruppe in einen Fr\u00fchling. Allerdings war der Lenz dieses Jahr schon sehr fortgeschritten, und es herrschte eher ein gewittrig-k\u00fchles Sommerwetter. Es gab ein frohes Wiedersehen mit vielen M\u00fcttern, die mit ihren \u00abGro\u00dfen\u00bb schon die Gruppe besucht hatten und nun mit dem ca. 1 1\/2 Jahre alten Nachwuchs kamen. Dieser zeigte&hellip; <a href=\"https:\/\/waldkindergarten-berglen.de\/?p=1407\" class=\"more-link\">Weiterlesen <span class=\"screen-reader-text\">Die Waldspielgruppe startet in die Fr\u00fchjahrssaison<\/span><\/a><\/p>\n","protected":false},"author":1,"featured_media":0,"comment_status":"closed","ping_status":"closed","sticky":false,"template":"","format":"standard","meta":{"ngg_post_thumbnail":0,"_jetpack_memberships_contains_paid_content":false,"footnotes":""},"categories":[11],"tags":[],"class_list":["post-1407","post","type-post","status-publish","format-standard","hentry","category-waldspielgruppenberichte-bis-2017"],"jetpack_featured_media_url":"","jetpack_sharing_enabled":true,"_links":{"self":[{"href":"https:\/\/waldkindergarten-berglen.de\/index.php?rest_route=\/wp\/v2\/posts\/1407","targetHints":{"allow":["GET"]}}],"collection":[{"href":"https:\/\/waldkindergarten-berglen.de\/index.php?rest_route=\/wp\/v2\/posts"}],"about":[{"href":"https:\/\/waldkindergarten-berglen.de\/index.php?rest_route=\/wp\/v2\/types\/post"}],"author":[{"embeddable":true,"href":"https:\/\/waldkindergarten-berglen.de\/index.php?rest_route=\/wp\/v2\/users\/1"}],"replies":[{"embeddable":true,"href":"https:\/\/waldkindergarten-berglen.de\/index.php?rest_route=%2Fwp%2Fv2%2Fcomments&post=1407"}],"version-history":[{"count":0,"href":"https:\/\/waldkindergarten-berglen.de\/index.php?rest_route=\/wp\/v2\/posts\/1407\/revisions"}],"wp:attachment":[{"href":"https:\/\/waldkindergarten-berglen.de\/index.php?rest_route=%2Fwp%2Fv2%2Fmedia&parent=1407"}],"wp:term":[{"taxonomy":"category","embeddable":true,"href":"https:\/\/waldkindergarten-berglen.de\/index.php?rest_route=%2Fwp%2Fv2%2Fcategories&post=1407"},{"taxonomy":"post_tag","embeddable":true,"href":"https:\/\/waldkindergarten-berglen.de\/index.php?rest_route=%2Fwp%2Fv2%2Ftags&post=1407"}],"curies":[{"name":"wp","href":"https:\/\/api.w.org\/{rel}","templated":true}]}}