{"id":1418,"date":"2015-04-27T12:00:51","date_gmt":"2015-04-27T12:00:51","guid":{"rendered":"http:\/\/waldkindergarten-berglen.de\/?p=1418"},"modified":"2015-04-27T12:00:51","modified_gmt":"2015-04-27T12:00:51","slug":"baeume-der-erinnerung","status":"publish","type":"post","link":"https:\/\/waldkindergarten-berglen.de\/?p=1418","title":{"rendered":"B\u00e4ume der Erinnerung"},"content":{"rendered":"<p>Als Waldkindergarten haben wir das gro\u00dfe Gl\u00fcck, uns tagt\u00e4glich im Wald aufhalten und diese einzigartige Tier-und Pflanzenwelt genie\u00dfen und nutzen zu d\u00fcrfen.<br \/>\nDaf\u00fcr sind wir sehr dankbar!<br \/>\nDeshalb versuchen wir dem Wald und seinen Bewohnern m\u00f6glichst viel zur\u00fcckzugeben.<\/p>\n<p>Bei der \u00dcberlegung, wie wir sowohl f\u00fcr unsere Waldkinder wie auch f\u00fcr den Wald einen lebenslangen Schatz schaffen k\u00f6nnten kamen unsere Erzieherinnen auf die Idee, f\u00fcr jeden Monat des Jahres einen Geburtstagsbaum in den Wald zu pflanzen.<\/p>\n<p>So bekommen die Kinder, welche z.B. im Januar Geburtstag haben zusammen einen Baum.<\/p>\n<p>An diesem werden die jeweiligen Namensschilder der Kinder angebracht.<\/p>\n<p>Diese Idee haben wir mit dem Revierf\u00f6rster Harald Grass besprochen, der uns seine Unterst\u00fctzung zusagte und uns bei der Wahl geeigneter Baumarten und Standorte zur Seite steht.<\/p>\n<h4>Nun war es endlich soweit!<\/h4>\n<p>Die Kinder durften zusammen mit Herrn Grass und seinen Forstarbeitern die ersten Pflanzl\u00f6cher graben und B\u00e4umchen einsetzen.<\/p>\n<figure id=\"attachment_1416\" aria-describedby=\"caption-attachment-1416\" style=\"width: 345px\" class=\"wp-caption alignnone\"><img loading=\"lazy\" decoding=\"async\" class=\"size-full wp-image-1416\" src=\"http:\/\/waldkindergarten-berglen.de\/wp-content\/uploads\/2016\/06\/941-1-1.jpg\" alt=\"Mit voller Tatkraft...\" width=\"345\" height=\"460\" \/><figcaption id=\"caption-attachment-1416\" class=\"wp-caption-text\">Mit voller Tatkraft&#8230;<\/figcaption><\/figure>\n<p>So fanden ganz besondere B\u00e4ume wie Gingko, Mammut, serbische Fichte, Erle u.a. einen Platz f\u00fcrs Leben.<\/p>\n<figure id=\"attachment_1417\" aria-describedby=\"caption-attachment-1417\" style=\"width: 460px\" class=\"wp-caption alignnone\"><img loading=\"lazy\" decoding=\"async\" class=\"size-full wp-image-1417\" src=\"http:\/\/waldkindergarten-berglen.de\/wp-content\/uploads\/2016\/06\/942-1-1.jpg\" alt=\"werden B\u00e4umchen gesetzt...\" width=\"460\" height=\"345\" \/><figcaption id=\"caption-attachment-1417\" class=\"wp-caption-text\">werden B\u00e4umchen gesetzt&#8230;<\/figcaption><\/figure>\n<p>Danach machten sie kleine Gr\u00e4ben um die B\u00e4umchen, damit das Gie\u00dfwasser nicht wegl\u00e4uft.<br \/>\nNun werden die B\u00e4umchen t\u00e4glich von den Waldkindern gegossen.<\/p>\n<figure id=\"attachment_1415\" aria-describedby=\"caption-attachment-1415\" style=\"width: 345px\" class=\"wp-caption alignnone\"><img loading=\"lazy\" decoding=\"async\" class=\"size-full wp-image-1415\" src=\"http:\/\/waldkindergarten-berglen.de\/wp-content\/uploads\/2016\/06\/943-1-1.jpg\" alt=\"und gegossen!\" width=\"345\" height=\"460\" \/><figcaption id=\"caption-attachment-1415\" class=\"wp-caption-text\">und gegossen!<\/figcaption><\/figure>\n<p>Und sobald die B\u00e4umchen angewachsen sind, d\u00fcrfen die Kinder ihre Namensschilder, die sie schon bekommen haben an \u00abihrem Geburtstagsbaum\u00bb anbringen.<\/p>\n<p>Ihr ganzes Leben lang wird das \u00abihr Geburtstagsbaum\u00bb bleiben und sie haben die M\u00f6glichkeit diesen zu besuchen wann immer es ihnen beliebt.<\/p>\n<p><strong>Vielen herzlichen Dank Harald Grass und seinem Team f\u00fcr die einzigartige Unterst\u00fctzung!<\/strong><\/p>\n<p><em>Wussten Sie schon?<\/em><br \/>\n<em>Dass wissenschaftliche Befunde zeigen, dass schon alleine die Begegnung mit sch\u00f6nen Naturszenerien eine stabilisierende, entspannende und beruhigende Wirkung auf K\u00f6rper und Geist haben?<\/em><\/p>\n","protected":false},"excerpt":{"rendered":"<p>Als Waldkindergarten haben wir das gro\u00dfe Gl\u00fcck, uns tagt\u00e4glich im Wald aufhalten und diese einzigartige Tier-und Pflanzenwelt genie\u00dfen und nutzen zu d\u00fcrfen. Daf\u00fcr sind wir sehr dankbar! Deshalb versuchen wir dem Wald und seinen Bewohnern m\u00f6glichst viel zur\u00fcckzugeben. Bei der \u00dcberlegung, wie wir sowohl f\u00fcr unsere Waldkinder wie auch f\u00fcr den Wald einen lebenslangen Schatz&hellip; <a href=\"https:\/\/waldkindergarten-berglen.de\/?p=1418\" class=\"more-link\">Weiterlesen <span class=\"screen-reader-text\">B\u00e4ume der Erinnerung<\/span><\/a><\/p>\n","protected":false},"author":1,"featured_media":0,"comment_status":"closed","ping_status":"closed","sticky":false,"template":"","format":"standard","meta":{"ngg_post_thumbnail":0,"_jetpack_memberships_contains_paid_content":false,"footnotes":""},"categories":[3],"tags":[],"class_list":["post-1418","post","type-post","status-publish","format-standard","hentry","category-berichte"],"jetpack_featured_media_url":"","jetpack_sharing_enabled":true,"_links":{"self":[{"href":"https:\/\/waldkindergarten-berglen.de\/index.php?rest_route=\/wp\/v2\/posts\/1418","targetHints":{"allow":["GET"]}}],"collection":[{"href":"https:\/\/waldkindergarten-berglen.de\/index.php?rest_route=\/wp\/v2\/posts"}],"about":[{"href":"https:\/\/waldkindergarten-berglen.de\/index.php?rest_route=\/wp\/v2\/types\/post"}],"author":[{"embeddable":true,"href":"https:\/\/waldkindergarten-berglen.de\/index.php?rest_route=\/wp\/v2\/users\/1"}],"replies":[{"embeddable":true,"href":"https:\/\/waldkindergarten-berglen.de\/index.php?rest_route=%2Fwp%2Fv2%2Fcomments&post=1418"}],"version-history":[{"count":0,"href":"https:\/\/waldkindergarten-berglen.de\/index.php?rest_route=\/wp\/v2\/posts\/1418\/revisions"}],"wp:attachment":[{"href":"https:\/\/waldkindergarten-berglen.de\/index.php?rest_route=%2Fwp%2Fv2%2Fmedia&parent=1418"}],"wp:term":[{"taxonomy":"category","embeddable":true,"href":"https:\/\/waldkindergarten-berglen.de\/index.php?rest_route=%2Fwp%2Fv2%2Fcategories&post=1418"},{"taxonomy":"post_tag","embeddable":true,"href":"https:\/\/waldkindergarten-berglen.de\/index.php?rest_route=%2Fwp%2Fv2%2Ftags&post=1418"}],"curies":[{"name":"wp","href":"https:\/\/api.w.org\/{rel}","templated":true}]}}