{"id":1420,"date":"2015-04-20T11:00:31","date_gmt":"2015-04-20T11:00:31","guid":{"rendered":"http:\/\/waldkindergarten-berglen.de\/?p=1420"},"modified":"2015-04-20T11:00:31","modified_gmt":"2015-04-20T11:00:31","slug":"fruehling","status":"publish","type":"post","link":"https:\/\/waldkindergarten-berglen.de\/?p=1420","title":{"rendered":"Fr\u00fchling"},"content":{"rendered":"<p>Die Wichtel und Zwerge genie\u00dfen die warmen Sonnenstrahlen. Auf dem St\u00fcckle gibt es ein kleines Kletterger\u00fcst. Da konnten die Waldkinder bei den milden Temperaturen gut klettern. Im Wald haben sie ihre Waldrutsche besucht und sind voller Freude gerutscht.<\/p>\n<p>Nach den Festen durften sie auch einfach mal ganz entspannt nichts tun.<\/p>\n<figure id=\"attachment_1422\" aria-describedby=\"caption-attachment-1422\" style=\"width: 345px\" class=\"wp-caption alignnone\"><img loading=\"lazy\" decoding=\"async\" class=\"size-full wp-image-1422\" src=\"http:\/\/waldkindergarten-berglen.de\/wp-content\/uploads\/2016\/06\/938-1-1.jpg\" alt=\"Kletterger\u00fcst\" width=\"345\" height=\"460\" \/><figcaption id=\"caption-attachment-1422\" class=\"wp-caption-text\">Kletterger\u00fcst<\/figcaption><\/figure>\n<figure id=\"attachment_1424\" aria-describedby=\"caption-attachment-1424\" style=\"width: 345px\" class=\"wp-caption alignnone\"><img loading=\"lazy\" decoding=\"async\" class=\"size-full wp-image-1424\" src=\"http:\/\/waldkindergarten-berglen.de\/wp-content\/uploads\/2016\/06\/940-1-1.jpg\" alt=\"Waldrutsche\" width=\"345\" height=\"460\" \/><figcaption id=\"caption-attachment-1424\" class=\"wp-caption-text\">Waldrutsche<\/figcaption><\/figure>\n<h4>Kerzinger Hoffest<\/h4>\n<p>Bei sch\u00f6nem Wetter konnten unsere Besucher ihren Kuchen genie\u00dfen. Auch viele fantasievoll geschminkte Kinder schwirrten auf dem Hoffest herum. Wir bedanken uns bei allen, die unseren Kuchen-Stand und unser Kinderschminken besucht haben. Auch vielen Dank an alle Helfer, durch die unser Kuchenverkauf und unser Kinderschminken erst stattfinden konnte.<\/p>\n<figure id=\"attachment_1423\" aria-describedby=\"caption-attachment-1423\" style=\"width: 345px\" class=\"wp-caption alignnone\"><img loading=\"lazy\" decoding=\"async\" class=\"size-full wp-image-1423\" src=\"http:\/\/waldkindergarten-berglen.de\/wp-content\/uploads\/2016\/06\/939-1-1.jpg\" alt=\"Kuchen\" width=\"345\" height=\"460\" \/><figcaption id=\"caption-attachment-1423\" class=\"wp-caption-text\">Kuchen<\/figcaption><\/figure>\n<figure id=\"attachment_1421\" aria-describedby=\"caption-attachment-1421\" style=\"width: 460px\" class=\"wp-caption alignnone\"><img loading=\"lazy\" decoding=\"async\" class=\"size-full wp-image-1421\" src=\"http:\/\/waldkindergarten-berglen.de\/wp-content\/uploads\/2016\/06\/937-1-1.jpg\" alt=\"Kinderschminken\" width=\"460\" height=\"345\" \/><figcaption id=\"caption-attachment-1421\" class=\"wp-caption-text\">Kinderschminken<\/figcaption><\/figure>\n<p><em>Wussten Sie schon?<\/em><br \/>\n<em>Die B\u00e4nderschnecke geh\u00f6rt zu den ersten Fr\u00fchlingsboten. Sie ern\u00e4hrt sich von welken Pflanzenteilen und toten Tieren. <\/em><\/p>\n","protected":false},"excerpt":{"rendered":"<p>Die Wichtel und Zwerge genie\u00dfen die warmen Sonnenstrahlen. Auf dem St\u00fcckle gibt es ein kleines Kletterger\u00fcst. Da konnten die Waldkinder bei den milden Temperaturen gut klettern. Im Wald haben sie ihre Waldrutsche besucht und sind voller Freude gerutscht. Nach den Festen durften sie auch einfach mal ganz entspannt nichts tun. Kerzinger Hoffest Bei sch\u00f6nem Wetter&hellip; <a href=\"https:\/\/waldkindergarten-berglen.de\/?p=1420\" class=\"more-link\">Weiterlesen <span class=\"screen-reader-text\">Fr\u00fchling<\/span><\/a><\/p>\n","protected":false},"author":1,"featured_media":0,"comment_status":"closed","ping_status":"closed","sticky":false,"template":"","format":"standard","meta":{"ngg_post_thumbnail":0,"_jetpack_memberships_contains_paid_content":false,"footnotes":""},"categories":[3,7],"tags":[],"class_list":["post-1420","post","type-post","status-publish","format-standard","hentry","category-berichte","category-verein"],"jetpack_featured_media_url":"","jetpack_sharing_enabled":true,"_links":{"self":[{"href":"https:\/\/waldkindergarten-berglen.de\/index.php?rest_route=\/wp\/v2\/posts\/1420","targetHints":{"allow":["GET"]}}],"collection":[{"href":"https:\/\/waldkindergarten-berglen.de\/index.php?rest_route=\/wp\/v2\/posts"}],"about":[{"href":"https:\/\/waldkindergarten-berglen.de\/index.php?rest_route=\/wp\/v2\/types\/post"}],"author":[{"embeddable":true,"href":"https:\/\/waldkindergarten-berglen.de\/index.php?rest_route=\/wp\/v2\/users\/1"}],"replies":[{"embeddable":true,"href":"https:\/\/waldkindergarten-berglen.de\/index.php?rest_route=%2Fwp%2Fv2%2Fcomments&post=1420"}],"version-history":[{"count":0,"href":"https:\/\/waldkindergarten-berglen.de\/index.php?rest_route=\/wp\/v2\/posts\/1420\/revisions"}],"wp:attachment":[{"href":"https:\/\/waldkindergarten-berglen.de\/index.php?rest_route=%2Fwp%2Fv2%2Fmedia&parent=1420"}],"wp:term":[{"taxonomy":"category","embeddable":true,"href":"https:\/\/waldkindergarten-berglen.de\/index.php?rest_route=%2Fwp%2Fv2%2Fcategories&post=1420"},{"taxonomy":"post_tag","embeddable":true,"href":"https:\/\/waldkindergarten-berglen.de\/index.php?rest_route=%2Fwp%2Fv2%2Ftags&post=1420"}],"curies":[{"name":"wp","href":"https:\/\/api.w.org\/{rel}","templated":true}]}}