{"id":1426,"date":"2015-04-13T12:00:03","date_gmt":"2015-04-13T12:00:03","guid":{"rendered":"http:\/\/waldkindergarten-berglen.de\/?p=1426"},"modified":"2015-04-13T12:00:03","modified_gmt":"2015-04-13T12:00:03","slug":"inspiration-natur","status":"publish","type":"post","link":"https:\/\/waldkindergarten-berglen.de\/?p=1426","title":{"rendered":"Inspiration Natur"},"content":{"rendered":"<p>Zur\u00fcck aus den Osterferien freuten sich unsere Waldkinder \u00fcber die aus dem Winterschlaf erwachende Natur.<br \/>\n\u00dcberall sprie\u00dfen die Knospen scheinbar um die Wette!<\/p>\n<p>Die V\u00f6gel zwitschern schon morgens voller Lebensfreude und die warmen Sonnenstrahlen machen nun ein ganz anderes, oft ruhigeres Spielen mit vielen feinmotorischen Basteleien m\u00f6glich.<br \/>\nDabei werden die Kinder ganz besonders von dem gro\u00dfen Angebot an L\u00f6wenzahn und G\u00e4nsebl\u00fcmchen inspiriert!<br \/>\nSo entstehen in diesen Tagen wundersch\u00f6ne Blumenketten, Kr\u00e4nze, Bl\u00fctenohrringe und vieles andere mehr.<\/p>\n<p><em>Wussten Sie schon?<\/em><br \/>\n<em>Dass Schneegl\u00f6ckchen Salze einlagern um auch bei extrem niedrigen Temperaturen bestehen zu k\u00f6nnen?<\/em><\/p>\n","protected":false},"excerpt":{"rendered":"<p>Zur\u00fcck aus den Osterferien freuten sich unsere Waldkinder \u00fcber die aus dem Winterschlaf erwachende Natur. \u00dcberall sprie\u00dfen die Knospen scheinbar um die Wette! Die V\u00f6gel zwitschern schon morgens voller Lebensfreude und die warmen Sonnenstrahlen machen nun ein ganz anderes, oft ruhigeres Spielen mit vielen feinmotorischen Basteleien m\u00f6glich. Dabei werden die Kinder ganz besonders von dem&hellip; <a href=\"https:\/\/waldkindergarten-berglen.de\/?p=1426\" class=\"more-link\">Weiterlesen <span class=\"screen-reader-text\">Inspiration Natur<\/span><\/a><\/p>\n","protected":false},"author":1,"featured_media":0,"comment_status":"closed","ping_status":"closed","sticky":false,"template":"","format":"standard","meta":{"ngg_post_thumbnail":0,"_jetpack_memberships_contains_paid_content":false,"footnotes":""},"categories":[3],"tags":[],"class_list":["post-1426","post","type-post","status-publish","format-standard","hentry","category-berichte"],"jetpack_featured_media_url":"","jetpack_sharing_enabled":true,"_links":{"self":[{"href":"https:\/\/waldkindergarten-berglen.de\/index.php?rest_route=\/wp\/v2\/posts\/1426","targetHints":{"allow":["GET"]}}],"collection":[{"href":"https:\/\/waldkindergarten-berglen.de\/index.php?rest_route=\/wp\/v2\/posts"}],"about":[{"href":"https:\/\/waldkindergarten-berglen.de\/index.php?rest_route=\/wp\/v2\/types\/post"}],"author":[{"embeddable":true,"href":"https:\/\/waldkindergarten-berglen.de\/index.php?rest_route=\/wp\/v2\/users\/1"}],"replies":[{"embeddable":true,"href":"https:\/\/waldkindergarten-berglen.de\/index.php?rest_route=%2Fwp%2Fv2%2Fcomments&post=1426"}],"version-history":[{"count":0,"href":"https:\/\/waldkindergarten-berglen.de\/index.php?rest_route=\/wp\/v2\/posts\/1426\/revisions"}],"wp:attachment":[{"href":"https:\/\/waldkindergarten-berglen.de\/index.php?rest_route=%2Fwp%2Fv2%2Fmedia&parent=1426"}],"wp:term":[{"taxonomy":"category","embeddable":true,"href":"https:\/\/waldkindergarten-berglen.de\/index.php?rest_route=%2Fwp%2Fv2%2Fcategories&post=1426"},{"taxonomy":"post_tag","embeddable":true,"href":"https:\/\/waldkindergarten-berglen.de\/index.php?rest_route=%2Fwp%2Fv2%2Ftags&post=1426"}],"curies":[{"name":"wp","href":"https:\/\/api.w.org\/{rel}","templated":true}]}}