{"id":1428,"date":"2015-04-06T12:00:03","date_gmt":"2015-04-06T12:00:03","guid":{"rendered":"http:\/\/waldkindergarten-berglen.de\/?p=1428"},"modified":"2015-04-06T12:00:03","modified_gmt":"2015-04-06T12:00:03","slug":"ostern","status":"publish","type":"post","link":"https:\/\/waldkindergarten-berglen.de\/?p=1428","title":{"rendered":"Ostern"},"content":{"rendered":"<p>Der Morgenkreis an unserem Osterfest im Kindergarten war wieder richtig sch\u00f6n geschm\u00fcckt. Auf dem Tisch stand ein Osterstrau\u00df mit vielen wundersch\u00f6n bemalten Ostereiern.<\/p>\n<p>Jedes Kind durfte ein Ei bemalen und mitbringen. Damit haben unsere Waldkinder ihre Erzieherinnen \u00fcberrascht.<\/p>\n<figure id=\"attachment_1429\" aria-describedby=\"caption-attachment-1429\" style=\"width: 460px\" class=\"wp-caption alignnone\"><img loading=\"lazy\" decoding=\"async\" class=\"size-full wp-image-1429\" src=\"http:\/\/waldkindergarten-berglen.de\/wp-content\/uploads\/2016\/06\/934-1-1.jpg\" alt=\"Morgenkreis vor Ostern\" width=\"460\" height=\"345\" \/><figcaption id=\"caption-attachment-1429\" class=\"wp-caption-text\">Morgenkreis vor Ostern<\/figcaption><\/figure>\n<figure id=\"attachment_1430\" aria-describedby=\"caption-attachment-1430\" style=\"width: 460px\" class=\"wp-caption alignnone\"><img loading=\"lazy\" decoding=\"async\" class=\"size-full wp-image-1430\" src=\"http:\/\/waldkindergarten-berglen.de\/wp-content\/uploads\/2016\/06\/935-1-1.jpg\" alt=\"Osterstrau\u00df\" width=\"460\" height=\"345\" \/><figcaption id=\"caption-attachment-1430\" class=\"wp-caption-text\">Osterstrau\u00df<\/figcaption><\/figure>\n<figure id=\"attachment_1431\" aria-describedby=\"caption-attachment-1431\" style=\"width: 460px\" class=\"wp-caption alignnone\"><img loading=\"lazy\" decoding=\"async\" class=\"size-full wp-image-1431\" src=\"http:\/\/waldkindergarten-berglen.de\/wp-content\/uploads\/2016\/06\/936-1-1.jpg\" alt=\"Osterhenne\" width=\"460\" height=\"345\" \/><figcaption id=\"caption-attachment-1431\" class=\"wp-caption-text\">Osterhenne<\/figcaption><\/figure>\n<h4>Kerzinger Hoffest<\/h4>\n<p>Am 19.04.2015 findet wieder das Kerzinger Hoffest statt. Wir freuen uns, wenn Sie wieder unseren Kuchenstand mit vielen leckeren Kuchen besuchen.<\/p>\n<p><em>Wussten Sie schon?<\/em><br \/>\n<em>Die Bl\u00fcten der Salweide, also Palmk\u00e4tzchen, sind die erste gehaltvolle Nahrung f\u00fcr Bienen.<\/em><\/p>\n","protected":false},"excerpt":{"rendered":"<p>Der Morgenkreis an unserem Osterfest im Kindergarten war wieder richtig sch\u00f6n geschm\u00fcckt. Auf dem Tisch stand ein Osterstrau\u00df mit vielen wundersch\u00f6n bemalten Ostereiern. Jedes Kind durfte ein Ei bemalen und mitbringen. Damit haben unsere Waldkinder ihre Erzieherinnen \u00fcberrascht. Kerzinger Hoffest Am 19.04.2015 findet wieder das Kerzinger Hoffest statt. Wir freuen uns, wenn Sie wieder unseren&hellip; <a href=\"https:\/\/waldkindergarten-berglen.de\/?p=1428\" class=\"more-link\">Weiterlesen <span class=\"screen-reader-text\">Ostern<\/span><\/a><\/p>\n","protected":false},"author":1,"featured_media":0,"comment_status":"closed","ping_status":"closed","sticky":false,"template":"","format":"standard","meta":{"ngg_post_thumbnail":0,"_jetpack_memberships_contains_paid_content":false,"footnotes":""},"categories":[3,7],"tags":[],"class_list":["post-1428","post","type-post","status-publish","format-standard","hentry","category-berichte","category-verein"],"jetpack_featured_media_url":"","jetpack_sharing_enabled":true,"_links":{"self":[{"href":"https:\/\/waldkindergarten-berglen.de\/index.php?rest_route=\/wp\/v2\/posts\/1428","targetHints":{"allow":["GET"]}}],"collection":[{"href":"https:\/\/waldkindergarten-berglen.de\/index.php?rest_route=\/wp\/v2\/posts"}],"about":[{"href":"https:\/\/waldkindergarten-berglen.de\/index.php?rest_route=\/wp\/v2\/types\/post"}],"author":[{"embeddable":true,"href":"https:\/\/waldkindergarten-berglen.de\/index.php?rest_route=\/wp\/v2\/users\/1"}],"replies":[{"embeddable":true,"href":"https:\/\/waldkindergarten-berglen.de\/index.php?rest_route=%2Fwp%2Fv2%2Fcomments&post=1428"}],"version-history":[{"count":0,"href":"https:\/\/waldkindergarten-berglen.de\/index.php?rest_route=\/wp\/v2\/posts\/1428\/revisions"}],"wp:attachment":[{"href":"https:\/\/waldkindergarten-berglen.de\/index.php?rest_route=%2Fwp%2Fv2%2Fmedia&parent=1428"}],"wp:term":[{"taxonomy":"category","embeddable":true,"href":"https:\/\/waldkindergarten-berglen.de\/index.php?rest_route=%2Fwp%2Fv2%2Fcategories&post=1428"},{"taxonomy":"post_tag","embeddable":true,"href":"https:\/\/waldkindergarten-berglen.de\/index.php?rest_route=%2Fwp%2Fv2%2Ftags&post=1428"}],"curies":[{"name":"wp","href":"https:\/\/api.w.org\/{rel}","templated":true}]}}