{"id":1433,"date":"2015-03-30T12:00:40","date_gmt":"2015-03-30T12:00:40","guid":{"rendered":"http:\/\/waldkindergarten-berglen.de\/?p=1433"},"modified":"2015-03-30T12:00:40","modified_gmt":"2015-03-30T12:00:40","slug":"dem-osterhasen-auf-der-spur","status":"publish","type":"post","link":"https:\/\/waldkindergarten-berglen.de\/?p=1433","title":{"rendered":"Dem Osterhasen auf der Spur"},"content":{"rendered":"<p>Am Freitag war es endlich soweit! Der Tag des Osterfestes war gekommen!<\/p>\n<p>Zu Beginn thematisierten die Erzieherinnen das Osterfest im Morgenkreis!<\/p>\n<p>So sprachen sie dar\u00fcber, warum es das Osterfest \u00fcberhaupt gibt und welche Bedeutung es hat!<\/p>\n<figure id=\"attachment_1435\" aria-describedby=\"caption-attachment-1435\" style=\"width: 460px\" class=\"wp-caption alignnone\"><img loading=\"lazy\" decoding=\"async\" class=\"size-full wp-image-1435\" src=\"http:\/\/waldkindergarten-berglen.de\/wp-content\/uploads\/2016\/06\/930-1-1.jpg\" alt=\"Der Ostermorgenkreis!\" width=\"460\" height=\"345\" \/><figcaption id=\"caption-attachment-1435\" class=\"wp-caption-text\">Der Ostermorgenkreis!<\/figcaption><\/figure>\n<p>Danach gab es Spielstationen zu bew\u00e4ltigen!<\/p>\n<p>An der ersten Station durften sich die Wichtel und Zwerge im Eierlaufen beweisen, was auf dem unebenen Waldboden besonders viel K\u00f6rperbeherrschung und Konzentration erfordert!<\/p>\n<figure id=\"attachment_1436\" aria-describedby=\"caption-attachment-1436\" style=\"width: 345px\" class=\"wp-caption alignnone\"><img loading=\"lazy\" decoding=\"async\" class=\"size-full wp-image-1436\" src=\"http:\/\/waldkindergarten-berglen.de\/wp-content\/uploads\/2016\/06\/931-1-1.jpg\" alt=\"Der Waldeierlauf!\" width=\"345\" height=\"460\" \/><figcaption id=\"caption-attachment-1436\" class=\"wp-caption-text\">Der Waldeierlauf!<\/figcaption><\/figure>\n<p>An der n\u00e4chsten Spielstation war Eierboule angesagt. Dabei mussten die Kinder versuchen ihr Ei bergabw\u00e4rts m\u00f6glichst nah an das erste Zielei zu kullern!<\/p>\n<p>Mit Kugeln ist das schon schwierig, doch mit Eiern stellt das eine ganz neue Herausforderung an die Geschicklichkeit dar.<\/p>\n<p>So viel Eierspa\u00df macht ganz sch\u00f6n hungrig! Und so war die Freude \u00fcber das bunte Osterbuffet, welches von den Waldkindi-Eltern bereitet wurde, besonders gro\u00df!<\/p>\n<p>Bei Obst- und Gem\u00fcsespie\u00dfchen, Kressebroten, gef\u00e4rbten Eiern, Hefezopf, Gem\u00fcses\u00e4ften und Waldpunsch war das Fest ein reiner Schmaus!<\/p>\n<p>Frisch gest\u00e4rkt ging es dann zum Osterplatz!<\/p>\n<p>Dort angekommen, erinnerten sich alle an ihr ganz pers\u00f6nliches Osternestpl\u00e4tzchen, welches sie selbst ausgesucht und in den letzten Tagen liebevoll mit Baumrinden und Moos gestaltet haben.<br \/>\nAn diesem Pl\u00e4tzchen fanden sie nun ihr selbstgegipstes Ei mit allerlei Leckereien gef\u00fcllt vor.<\/p>\n<figure id=\"attachment_1434\" aria-describedby=\"caption-attachment-1434\" style=\"width: 345px\" class=\"wp-caption alignnone\"><img loading=\"lazy\" decoding=\"async\" class=\"size-full wp-image-1434\" src=\"http:\/\/waldkindergarten-berglen.de\/wp-content\/uploads\/2016\/06\/932-1-1.jpg\" alt=\"Der Osterhase war da!\" width=\"345\" height=\"460\" \/><figcaption id=\"caption-attachment-1434\" class=\"wp-caption-text\">Der Osterhase war da!<\/figcaption><\/figure>\n<p>Damit war der Tag perfekt und voller Stolz konnten sich die Waldkinder zur\u00fcck zum Waldspielplatz begeben, wo sie ihre Eltern empfingen!<\/p>\n<p><strong>Vielen herzlichen Dank an unsere Erzieherinnen und Drittkr\u00e4fte, sowie Praktikantinnen f\u00fcr ihr einzigartiges Engagement und die liebevolle Gestaltung solcher Feste!<\/strong><\/p>\n<p><strong>Herzlichen Dank auch an alle unsere Eltern, f\u00fcr das liebevoll und k\u00f6stlich bereitete Buffet!<\/strong><\/p>\n<h4>Habt acht die Zecken sind erwacht!<\/h4>\n<p>So sehr wir uns freuen, dass die Temperaturen allm\u00e4hlich ansteigen, so m\u00fcssen wir uns auch daran erinnern, dass die kleinen Zecken nun auch wieder rege werden!<\/p>\n<p>Denkt deshalb bitte daran unsere Waldkinder mit Zeckenmittel vor deren Biss zu sch\u00fctzen.<br \/>\nIm Besonderen am Hals, den Unterarmen, Bauch und R\u00fccken, sowie den Unterschenkeln! Also \u00fcberall, wo die Zecken durch Kleider\u00f6ffnungen Zugang finden k\u00f6nnten!<\/p>\n<p><em>Wussten Sie schon?<\/em><br \/>\n<em>Dass einige Pilze, sowie die Erzwespe und Fadenw\u00fcrmer zu den nat\u00fcrlichen Feinden der Zecken z\u00e4hlen?<\/em><\/p>\n","protected":false},"excerpt":{"rendered":"<p>Am Freitag war es endlich soweit! Der Tag des Osterfestes war gekommen! Zu Beginn thematisierten die Erzieherinnen das Osterfest im Morgenkreis! So sprachen sie dar\u00fcber, warum es das Osterfest \u00fcberhaupt gibt und welche Bedeutung es hat! Danach gab es Spielstationen zu bew\u00e4ltigen! An der ersten Station durften sich die Wichtel und Zwerge im Eierlaufen beweisen,&hellip; <a href=\"https:\/\/waldkindergarten-berglen.de\/?p=1433\" class=\"more-link\">Weiterlesen <span class=\"screen-reader-text\">Dem Osterhasen auf der Spur<\/span><\/a><\/p>\n","protected":false},"author":1,"featured_media":0,"comment_status":"closed","ping_status":"closed","sticky":false,"template":"","format":"standard","meta":{"ngg_post_thumbnail":0,"_jetpack_memberships_contains_paid_content":false,"footnotes":""},"categories":[3],"tags":[],"class_list":["post-1433","post","type-post","status-publish","format-standard","hentry","category-berichte"],"jetpack_featured_media_url":"","jetpack_sharing_enabled":true,"_links":{"self":[{"href":"https:\/\/waldkindergarten-berglen.de\/index.php?rest_route=\/wp\/v2\/posts\/1433","targetHints":{"allow":["GET"]}}],"collection":[{"href":"https:\/\/waldkindergarten-berglen.de\/index.php?rest_route=\/wp\/v2\/posts"}],"about":[{"href":"https:\/\/waldkindergarten-berglen.de\/index.php?rest_route=\/wp\/v2\/types\/post"}],"author":[{"embeddable":true,"href":"https:\/\/waldkindergarten-berglen.de\/index.php?rest_route=\/wp\/v2\/users\/1"}],"replies":[{"embeddable":true,"href":"https:\/\/waldkindergarten-berglen.de\/index.php?rest_route=%2Fwp%2Fv2%2Fcomments&post=1433"}],"version-history":[{"count":0,"href":"https:\/\/waldkindergarten-berglen.de\/index.php?rest_route=\/wp\/v2\/posts\/1433\/revisions"}],"wp:attachment":[{"href":"https:\/\/waldkindergarten-berglen.de\/index.php?rest_route=%2Fwp%2Fv2%2Fmedia&parent=1433"}],"wp:term":[{"taxonomy":"category","embeddable":true,"href":"https:\/\/waldkindergarten-berglen.de\/index.php?rest_route=%2Fwp%2Fv2%2Fcategories&post=1433"},{"taxonomy":"post_tag","embeddable":true,"href":"https:\/\/waldkindergarten-berglen.de\/index.php?rest_route=%2Fwp%2Fv2%2Ftags&post=1433"}],"curies":[{"name":"wp","href":"https:\/\/api.w.org\/{rel}","templated":true}]}}