{"id":1438,"date":"2015-03-23T12:00:30","date_gmt":"2015-03-23T12:00:30","guid":{"rendered":"http:\/\/waldkindergarten-berglen.de\/?p=1438"},"modified":"2015-03-23T12:00:30","modified_gmt":"2015-03-23T12:00:30","slug":"wir-warten-auf-ostern","status":"publish","type":"post","link":"https:\/\/waldkindergarten-berglen.de\/?p=1438","title":{"rendered":"Wir warten auf Ostern"},"content":{"rendered":"<p>Unsere Waldkinder sind schon eifrig mit den Vorbereitungen f\u00fcr Ostern besch\u00e4ftigt. Jedes Kind durfte 6 ausgeblasene Eier in den Kindergarten mitbringen. Dann bekam jeder zwei der drei Grundfarben gelb, blau und rot.<\/p>\n<p>Jeweils zwei Eier wurden mit einer Grundfarbe bemalt. F\u00fcr die letzten beiden Eier mischten die Wichtel und Zwerge dann die beiden vorher benutzten Grundfarben. Als alle Eier bemalt waren, wurden sie mit einem Draht zu einem Kranz gebunden. Ein sch\u00f6ner Osterkranz entstand.<\/p>\n<figure id=\"attachment_1440\" aria-describedby=\"caption-attachment-1440\" style=\"width: 460px\" class=\"wp-caption alignnone\"><img loading=\"lazy\" decoding=\"async\" class=\"size-full wp-image-1440\" src=\"http:\/\/waldkindergarten-berglen.de\/wp-content\/uploads\/2016\/06\/927-1-1.jpg\" alt=\"Osterkranz\" width=\"460\" height=\"345\" \/><figcaption id=\"caption-attachment-1440\" class=\"wp-caption-text\">Osterkranz<\/figcaption><\/figure>\n<p>Bei uns im Wald gibt es jede Menge sch\u00f6ne Dinge, um ein Mandala zu legen \u2013 Moos, Rindenst\u00fccke, \u00c4ste, Kieferzapfen,&#8230;. Was liegt in der Osterzeit n\u00e4her, als ein\u00a0 sch\u00f6nes Ostermandala zu legen.<\/p>\n<figure id=\"attachment_1441\" aria-describedby=\"caption-attachment-1441\" style=\"width: 460px\" class=\"wp-caption alignnone\"><img loading=\"lazy\" decoding=\"async\" class=\"size-full wp-image-1441\" src=\"http:\/\/waldkindergarten-berglen.de\/wp-content\/uploads\/2016\/06\/928-1-1.jpg\" alt=\"Ostermandala\" width=\"460\" height=\"345\" \/><figcaption id=\"caption-attachment-1441\" class=\"wp-caption-text\">Ostermandala<\/figcaption><\/figure>\n<p>Auch der Morgenkreis der Waldkinder l\u00e4sst erahnen, dass bald Ostern ist.<\/p>\n<figure id=\"attachment_1439\" aria-describedby=\"caption-attachment-1439\" style=\"width: 460px\" class=\"wp-caption alignnone\"><img loading=\"lazy\" decoding=\"async\" class=\"size-full wp-image-1439\" src=\"http:\/\/waldkindergarten-berglen.de\/wp-content\/uploads\/2016\/06\/929-1-1.jpg\" alt=\"Ostervorbereitungen\" width=\"460\" height=\"345\" \/><figcaption id=\"caption-attachment-1439\" class=\"wp-caption-text\">Ostervorbereitungen<\/figcaption><\/figure>\n<p><em>Wussten Sie schon?<\/em><br \/>\n<em>H\u00fchner fressen kleine Steinchen. Diese zerkleinern die Nahrung im Magen.<\/em><\/p>\n","protected":false},"excerpt":{"rendered":"<p>Unsere Waldkinder sind schon eifrig mit den Vorbereitungen f\u00fcr Ostern besch\u00e4ftigt. Jedes Kind durfte 6 ausgeblasene Eier in den Kindergarten mitbringen. Dann bekam jeder zwei der drei Grundfarben gelb, blau und rot. Jeweils zwei Eier wurden mit einer Grundfarbe bemalt. F\u00fcr die letzten beiden Eier mischten die Wichtel und Zwerge dann die beiden vorher benutzten&hellip; <a href=\"https:\/\/waldkindergarten-berglen.de\/?p=1438\" class=\"more-link\">Weiterlesen <span class=\"screen-reader-text\">Wir warten auf Ostern<\/span><\/a><\/p>\n","protected":false},"author":1,"featured_media":0,"comment_status":"closed","ping_status":"closed","sticky":false,"template":"","format":"standard","meta":{"ngg_post_thumbnail":0,"_jetpack_memberships_contains_paid_content":false,"footnotes":""},"categories":[3],"tags":[],"class_list":["post-1438","post","type-post","status-publish","format-standard","hentry","category-berichte"],"jetpack_featured_media_url":"","jetpack_sharing_enabled":true,"_links":{"self":[{"href":"https:\/\/waldkindergarten-berglen.de\/index.php?rest_route=\/wp\/v2\/posts\/1438","targetHints":{"allow":["GET"]}}],"collection":[{"href":"https:\/\/waldkindergarten-berglen.de\/index.php?rest_route=\/wp\/v2\/posts"}],"about":[{"href":"https:\/\/waldkindergarten-berglen.de\/index.php?rest_route=\/wp\/v2\/types\/post"}],"author":[{"embeddable":true,"href":"https:\/\/waldkindergarten-berglen.de\/index.php?rest_route=\/wp\/v2\/users\/1"}],"replies":[{"embeddable":true,"href":"https:\/\/waldkindergarten-berglen.de\/index.php?rest_route=%2Fwp%2Fv2%2Fcomments&post=1438"}],"version-history":[{"count":0,"href":"https:\/\/waldkindergarten-berglen.de\/index.php?rest_route=\/wp\/v2\/posts\/1438\/revisions"}],"wp:attachment":[{"href":"https:\/\/waldkindergarten-berglen.de\/index.php?rest_route=%2Fwp%2Fv2%2Fmedia&parent=1438"}],"wp:term":[{"taxonomy":"category","embeddable":true,"href":"https:\/\/waldkindergarten-berglen.de\/index.php?rest_route=%2Fwp%2Fv2%2Fcategories&post=1438"},{"taxonomy":"post_tag","embeddable":true,"href":"https:\/\/waldkindergarten-berglen.de\/index.php?rest_route=%2Fwp%2Fv2%2Ftags&post=1438"}],"curies":[{"name":"wp","href":"https:\/\/api.w.org\/{rel}","templated":true}]}}