{"id":1471,"date":"2015-01-19T12:00:45","date_gmt":"2015-01-19T12:00:45","guid":{"rendered":"http:\/\/waldkindergarten-berglen.de\/?p=1471"},"modified":"2015-01-19T12:00:45","modified_gmt":"2015-01-19T12:00:45","slug":"und-schon-wird-die-welt-bunter","status":"publish","type":"post","link":"https:\/\/waldkindergarten-berglen.de\/?p=1471","title":{"rendered":"Und schon wird die Welt bunter"},"content":{"rendered":"<p>In einer trostlosen, grauen Welt flog einst ein Schmetterling. Er fand den tristen Anblick gar nicht sch\u00f6n und w\u00fcnschte sich mehr Farben in die Welt.<br \/>\nDa begann es zu regnen. Als nach einer Zeit die Sonne dazu kam, entstand ein wundersch\u00f6ner Regenbogen.<\/p>\n<p>Der Schmetterling war voller Gl\u00fcck \u00fcber die vielen Farben!<\/p>\n<p>Oh, wenn doch alles so sch\u00f6n bunt sein k\u00f6nnte!<\/p>\n<p>Pl\u00f6tzlich hatte er eine Idee.<\/p>\n<p>Er flog zuerst durch den gr\u00fcnen Streifen des Regenbogens und brachte die Farbe zu den B\u00e4umen und dem Gras.<\/p>\n<p>Er sah wie toll das aussah und wollte nun noch mehr Farbe verteilen. So f\u00e4rbte er die Blumen in den unterschiedlichsten Farben, die Sonne gelb, den Himmel und das Wasser blau.<\/p>\n<p>Als er letztendlich ersch\u00f6pft sein buntes Werk bestaunte, war er sehr gl\u00fccklich und stolz, etwas so wunderbares erschaffen zu haben.<\/p>\n<p>Mit dieser selbsterfundenen Geschichte unserer Erzieherin Sandra stiegen die Waldkinder in das Thema \u00abFarben\u00bb ein.<\/p>\n<p>Nach der Erz\u00e4hlung durften alle Kinder ihren eigenen Regenbogen malen!<\/p>\n<figure id=\"attachment_1472\" aria-describedby=\"caption-attachment-1472\" style=\"width: 460px\" class=\"wp-caption alignnone\"><img loading=\"lazy\" decoding=\"async\" class=\"size-full wp-image-1472\" src=\"http:\/\/waldkindergarten-berglen.de\/wp-content\/uploads\/2016\/06\/904-1-1.jpg\" alt=\"Das ist mein Regenbogen!\" width=\"460\" height=\"345\" \/><figcaption id=\"caption-attachment-1472\" class=\"wp-caption-text\">Das ist mein Regenbogen!<\/figcaption><\/figure>\n<p>Wir sind gespannt, wohin die Reise durch die Farben unsere Wichtel und Zwerge noch so alles f\u00fchren wird.<\/p>\n<p><em>Wussten Sie schon?<\/em><br \/>\n<em>Dass insgesamt ca. 150 Pflanzen bekannt sind, die zum F\u00e4rben genutzt werden bzw. wurden?<\/em><\/p>\n","protected":false},"excerpt":{"rendered":"<p>In einer trostlosen, grauen Welt flog einst ein Schmetterling. Er fand den tristen Anblick gar nicht sch\u00f6n und w\u00fcnschte sich mehr Farben in die Welt. Da begann es zu regnen. Als nach einer Zeit die Sonne dazu kam, entstand ein wundersch\u00f6ner Regenbogen. Der Schmetterling war voller Gl\u00fcck \u00fcber die vielen Farben! Oh, wenn doch alles&hellip; <a href=\"https:\/\/waldkindergarten-berglen.de\/?p=1471\" class=\"more-link\">Weiterlesen <span class=\"screen-reader-text\">Und schon wird die Welt bunter<\/span><\/a><\/p>\n","protected":false},"author":1,"featured_media":0,"comment_status":"closed","ping_status":"closed","sticky":false,"template":"","format":"standard","meta":{"ngg_post_thumbnail":0,"_jetpack_memberships_contains_paid_content":false,"footnotes":""},"categories":[3],"tags":[],"class_list":["post-1471","post","type-post","status-publish","format-standard","hentry","category-berichte"],"jetpack_featured_media_url":"","jetpack_sharing_enabled":true,"_links":{"self":[{"href":"https:\/\/waldkindergarten-berglen.de\/index.php?rest_route=\/wp\/v2\/posts\/1471","targetHints":{"allow":["GET"]}}],"collection":[{"href":"https:\/\/waldkindergarten-berglen.de\/index.php?rest_route=\/wp\/v2\/posts"}],"about":[{"href":"https:\/\/waldkindergarten-berglen.de\/index.php?rest_route=\/wp\/v2\/types\/post"}],"author":[{"embeddable":true,"href":"https:\/\/waldkindergarten-berglen.de\/index.php?rest_route=\/wp\/v2\/users\/1"}],"replies":[{"embeddable":true,"href":"https:\/\/waldkindergarten-berglen.de\/index.php?rest_route=%2Fwp%2Fv2%2Fcomments&post=1471"}],"version-history":[{"count":0,"href":"https:\/\/waldkindergarten-berglen.de\/index.php?rest_route=\/wp\/v2\/posts\/1471\/revisions"}],"wp:attachment":[{"href":"https:\/\/waldkindergarten-berglen.de\/index.php?rest_route=%2Fwp%2Fv2%2Fmedia&parent=1471"}],"wp:term":[{"taxonomy":"category","embeddable":true,"href":"https:\/\/waldkindergarten-berglen.de\/index.php?rest_route=%2Fwp%2Fv2%2Fcategories&post=1471"},{"taxonomy":"post_tag","embeddable":true,"href":"https:\/\/waldkindergarten-berglen.de\/index.php?rest_route=%2Fwp%2Fv2%2Ftags&post=1471"}],"curies":[{"name":"wp","href":"https:\/\/api.w.org\/{rel}","templated":true}]}}