{"id":1475,"date":"2015-01-12T12:00:21","date_gmt":"2015-01-12T12:00:21","guid":{"rendered":"http:\/\/waldkindergarten-berglen.de\/?p=1475"},"modified":"2015-01-12T12:00:21","modified_gmt":"2015-01-12T12:00:21","slug":"ein-gutes-neues-jahr-2015","status":"publish","type":"post","link":"https:\/\/waldkindergarten-berglen.de\/?p=1475","title":{"rendered":"Ein Gutes Neues Jahr 2015"},"content":{"rendered":"<p>Die Weihnachtsferien sind zu Ende. Alle unsere Waldkinder sind gut im Neuen Jahr gelandet. Nun durften sie wieder im Waldkindergarten ankommen. Es gab, wie jedes mal\u00a0 nach den Ferien viel zu erz\u00e4hlen. Im Morgenkreis durfte jedes Kind sagen, was es in den Ferien erlebt hatte und was es zu Weihnachten geschenkt bekam.<\/p>\n<p>Nach und nach kehrten sie an ihre verschiedenen Pl\u00e4tze zur\u00fcck und schauten, wie sich die Pl\u00e4tze in den Ferien ver\u00e4ndert haben. Von besonderem Interesse war f\u00fcr die Wichtel und Zwerge wieder, was die Waldtiere von ihren Weihnachtsgeschenken am Weihnachtsbaum f\u00fcr Tiere gegessen hatten. Alle Meisen-Kn\u00f6del waren gegessen. Auch von den \u00c4pfeln, den Karotten, den Erdn\u00fcssen, dem K\u00e4se und dem Heu haben die Waldtiere vieles gegessen.<\/p>\n<figure id=\"attachment_1476\" aria-describedby=\"caption-attachment-1476\" style=\"width: 345px\" class=\"wp-caption alignnone\"><img loading=\"lazy\" decoding=\"async\" class=\"size-full wp-image-1476\" src=\"http:\/\/waldkindergarten-berglen.de\/wp-content\/uploads\/2016\/06\/903-1-1.jpg\" alt=\"Weihnachtsbaum f\u00fcr Waldtiere\" width=\"345\" height=\"460\" \/><figcaption id=\"caption-attachment-1476\" class=\"wp-caption-text\">Weihnachtsbaum f\u00fcr Waldtiere<\/figcaption><\/figure>\n<p><em>Wussten Sie schon?<\/em><br \/>\n<em>Die Astronauten auf der ISS konnten 16 Mal den Jahreswechsel feiern, da sie aufgrund ihrer Geschwindigkeit (ca. 8 km\/s) 16 Zeitzonen in der Silvesternacht \u00fcberquert haben,\u00a0<\/em><\/p>\n","protected":false},"excerpt":{"rendered":"<p>Die Weihnachtsferien sind zu Ende. Alle unsere Waldkinder sind gut im Neuen Jahr gelandet. Nun durften sie wieder im Waldkindergarten ankommen. Es gab, wie jedes mal\u00a0 nach den Ferien viel zu erz\u00e4hlen. Im Morgenkreis durfte jedes Kind sagen, was es in den Ferien erlebt hatte und was es zu Weihnachten geschenkt bekam. Nach und nach&hellip; <a href=\"https:\/\/waldkindergarten-berglen.de\/?p=1475\" class=\"more-link\">Weiterlesen <span class=\"screen-reader-text\">Ein Gutes Neues Jahr 2015<\/span><\/a><\/p>\n","protected":false},"author":1,"featured_media":0,"comment_status":"closed","ping_status":"closed","sticky":false,"template":"","format":"standard","meta":{"ngg_post_thumbnail":0,"_jetpack_memberships_contains_paid_content":false,"footnotes":""},"categories":[3],"tags":[],"class_list":["post-1475","post","type-post","status-publish","format-standard","hentry","category-berichte"],"jetpack_featured_media_url":"","jetpack_sharing_enabled":true,"_links":{"self":[{"href":"https:\/\/waldkindergarten-berglen.de\/index.php?rest_route=\/wp\/v2\/posts\/1475","targetHints":{"allow":["GET"]}}],"collection":[{"href":"https:\/\/waldkindergarten-berglen.de\/index.php?rest_route=\/wp\/v2\/posts"}],"about":[{"href":"https:\/\/waldkindergarten-berglen.de\/index.php?rest_route=\/wp\/v2\/types\/post"}],"author":[{"embeddable":true,"href":"https:\/\/waldkindergarten-berglen.de\/index.php?rest_route=\/wp\/v2\/users\/1"}],"replies":[{"embeddable":true,"href":"https:\/\/waldkindergarten-berglen.de\/index.php?rest_route=%2Fwp%2Fv2%2Fcomments&post=1475"}],"version-history":[{"count":0,"href":"https:\/\/waldkindergarten-berglen.de\/index.php?rest_route=\/wp\/v2\/posts\/1475\/revisions"}],"wp:attachment":[{"href":"https:\/\/waldkindergarten-berglen.de\/index.php?rest_route=%2Fwp%2Fv2%2Fmedia&parent=1475"}],"wp:term":[{"taxonomy":"category","embeddable":true,"href":"https:\/\/waldkindergarten-berglen.de\/index.php?rest_route=%2Fwp%2Fv2%2Fcategories&post=1475"},{"taxonomy":"post_tag","embeddable":true,"href":"https:\/\/waldkindergarten-berglen.de\/index.php?rest_route=%2Fwp%2Fv2%2Ftags&post=1475"}],"curies":[{"name":"wp","href":"https:\/\/api.w.org\/{rel}","templated":true}]}}