{"id":1478,"date":"2014-12-17T12:00:58","date_gmt":"2014-12-17T12:00:58","guid":{"rendered":"http:\/\/waldkindergarten-berglen.de\/?p=1478"},"modified":"2014-12-17T12:00:58","modified_gmt":"2014-12-17T12:00:58","slug":"dann-war-nikolausabend-da","status":"publish","type":"post","link":"https:\/\/waldkindergarten-berglen.de\/?p=1478","title":{"rendered":"&#8230;dann war Nikolausabend da&#8230;"},"content":{"rendered":"<p>Lange haben unsere Waldkinder dem Nikolaus entgegen gefiebert. Jeder durfte einen schmutzigen Stiefel mit in den Wald bringen. Voller Eifer haben die Wichtel und Zwerge die Stiefel geputzt, bis sie sch\u00f6n gl\u00e4nzten. Denn der Nikolaus f\u00fcllt seine Gaben nur in\u00a0 saubere Stiefel.<\/p>\n<p>Dann war der ersehnte Abend da. Gemeinsam mit ihren Erzieherinnen trafen sich die Kinder und ihre Eltern. Sie folgten einem Weg, der mit vielen Lichtlein geschm\u00fcckt war. Auf dem Weg sangen alle ein Nikolaus-Lied. Als sie an einem Platz angekommen sind, sa\u00df da der Nikolaus.<\/p>\n<p>Er las ihnen eine Geschichte von einem Siebenschl\u00e4fer, der unbedingt einmal den Nikolaus sehen wollte, vor. Leider hatte er ihn bislang immer verschlafen. Doch diesmal bat er andere Waldtiere, ihn bei der Ankunft vom Nikolaus zu wecken. Und dieses Jahr schaffte er es: er sah den Nikolaus. Wie freute er sich da. Gl\u00fccklich schlief der Siebenschl\u00e4fer in der Manteltasche vom Nikolaus ein.<\/p>\n<p>Nach der Geschichte rief der Nikolaus jedes Kind auf und \u00fcberreichte ihm den gef\u00fcllten Stiefel. Alle lie\u00dfen den Abend beim gem\u00fctlichen Beisammensein am Lagerfeuer mit Suppe und W\u00fcrstchen ausklingen.<\/p>\n<p>Danke lieber Nikolaus, dass Du zu unseren Waldkindern gekommen bist.<\/p>\n<figure id=\"attachment_1479\" aria-describedby=\"caption-attachment-1479\" style=\"width: 345px\" class=\"wp-caption alignnone\"><img loading=\"lazy\" decoding=\"async\" class=\"size-full wp-image-1479\" src=\"http:\/\/waldkindergarten-berglen.de\/wp-content\/uploads\/2016\/06\/901-1-1.jpg\" alt=\"Danke, lieber Nikolaus\" width=\"345\" height=\"460\" \/><figcaption id=\"caption-attachment-1479\" class=\"wp-caption-text\">Danke, lieber Nikolaus<\/figcaption><\/figure>\n<h4>Arbeitseinsatz<\/h4>\n<p>Einige Eltern haben sich vor kurzem zu einem Arbeitseinsatz f\u00fcr unseren Waldkindergarten getroffen. Auf dem Programm standen Gro\u00dfputz auf der B\u00fchne der Schutzh\u00fctte, Holz f\u00fcr den Winter s\u00e4gen und stapeln, sowie Holz f\u00fcr die n\u00e4chsten Winter aus dem Wald zu holen.<br \/>\nDas Waldsofa an der Berta wurde ausgebessert und aufgepolstert und Tannengr\u00fcn f\u00fcr das Ausschm\u00fccken der Winterpl\u00e4tze geholt. Da es doch ein k\u00fchler und feuchter Herbsttag war, freuten sich alle auf eine Gulaschsuppe oder ein Leberk\u00e4s-Weckle. Allen gro\u00dfen und kleinen Helfern ein Dankesch\u00f6n f\u00fcr ihren Einsatz.<\/p>\n<h4>Weihnachtsmarkt<\/h4>\n<p>F\u00fcr unseren Weihnachtsmarkt-Stand wurde im Vorfeld gebastelt, gen\u00e4ht, gebacken und eingekocht. So hatten wir wieder eine sch\u00f6ne Auswahl. Wir sagen Danke unseren Besuchern und allen Helfern, die auf vielerlei Weise\u00a0 mitgeholfen haben.<\/p>\n<figure id=\"attachment_1480\" aria-describedby=\"caption-attachment-1480\" style=\"width: 460px\" class=\"wp-caption alignnone\"><img loading=\"lazy\" decoding=\"async\" class=\"size-full wp-image-1480\" src=\"http:\/\/waldkindergarten-berglen.de\/wp-content\/uploads\/2016\/06\/902-1-1.jpg\" alt=\"Weihnachtsmarkt\" width=\"460\" height=\"346\" \/><figcaption id=\"caption-attachment-1480\" class=\"wp-caption-text\">Weihnachtsmarkt<\/figcaption><\/figure>\n<p><em>Wussten Sie schon?<\/em><br \/>\n<em>Siebenschl\u00e4fer brauchen H\u00f6hlen, um im Winter zu schlafen und fettreiches\u00a0 Futter. Das finden sie in Laubw\u00e4ldern mit vielen alten und toten B\u00e4umen, und auf Obstwiesen und G\u00e4rten mit alten B\u00e4umen.<\/em><\/p>\n","protected":false},"excerpt":{"rendered":"<p>Lange haben unsere Waldkinder dem Nikolaus entgegen gefiebert. Jeder durfte einen schmutzigen Stiefel mit in den Wald bringen. Voller Eifer haben die Wichtel und Zwerge die Stiefel geputzt, bis sie sch\u00f6n gl\u00e4nzten. Denn der Nikolaus f\u00fcllt seine Gaben nur in\u00a0 saubere Stiefel. Dann war der ersehnte Abend da. Gemeinsam mit ihren Erzieherinnen trafen sich die&hellip; <a href=\"https:\/\/waldkindergarten-berglen.de\/?p=1478\" class=\"more-link\">Weiterlesen <span class=\"screen-reader-text\">&#8230;dann war Nikolausabend da&#8230;<\/span><\/a><\/p>\n","protected":false},"author":1,"featured_media":0,"comment_status":"closed","ping_status":"closed","sticky":false,"template":"","format":"standard","meta":{"ngg_post_thumbnail":0,"_jetpack_memberships_contains_paid_content":false,"footnotes":""},"categories":[3],"tags":[],"class_list":["post-1478","post","type-post","status-publish","format-standard","hentry","category-berichte"],"jetpack_featured_media_url":"","jetpack_sharing_enabled":true,"_links":{"self":[{"href":"https:\/\/waldkindergarten-berglen.de\/index.php?rest_route=\/wp\/v2\/posts\/1478","targetHints":{"allow":["GET"]}}],"collection":[{"href":"https:\/\/waldkindergarten-berglen.de\/index.php?rest_route=\/wp\/v2\/posts"}],"about":[{"href":"https:\/\/waldkindergarten-berglen.de\/index.php?rest_route=\/wp\/v2\/types\/post"}],"author":[{"embeddable":true,"href":"https:\/\/waldkindergarten-berglen.de\/index.php?rest_route=\/wp\/v2\/users\/1"}],"replies":[{"embeddable":true,"href":"https:\/\/waldkindergarten-berglen.de\/index.php?rest_route=%2Fwp%2Fv2%2Fcomments&post=1478"}],"version-history":[{"count":0,"href":"https:\/\/waldkindergarten-berglen.de\/index.php?rest_route=\/wp\/v2\/posts\/1478\/revisions"}],"wp:attachment":[{"href":"https:\/\/waldkindergarten-berglen.de\/index.php?rest_route=%2Fwp%2Fv2%2Fmedia&parent=1478"}],"wp:term":[{"taxonomy":"category","embeddable":true,"href":"https:\/\/waldkindergarten-berglen.de\/index.php?rest_route=%2Fwp%2Fv2%2Fcategories&post=1478"},{"taxonomy":"post_tag","embeddable":true,"href":"https:\/\/waldkindergarten-berglen.de\/index.php?rest_route=%2Fwp%2Fv2%2Ftags&post=1478"}],"curies":[{"name":"wp","href":"https:\/\/api.w.org\/{rel}","templated":true}]}}