{"id":1485,"date":"2014-12-01T12:00:24","date_gmt":"2014-12-01T12:00:24","guid":{"rendered":"http:\/\/waldkindergarten-berglen.de\/?p=1485"},"modified":"2014-12-01T12:00:24","modified_gmt":"2014-12-01T12:00:24","slug":"advent-advent","status":"publish","type":"post","link":"https:\/\/waldkindergarten-berglen.de\/?p=1485","title":{"rendered":"Advent, Advent, &#8230;"},"content":{"rendered":"<p>Auch unsere Waldkinder merken, dass es in Riesenschritten auf Weihnachten zugeht. Ganz heimlich basteln sie im Kindergarten und erz\u00e4hlen nicht, was sie gebastelt haben.<br \/>\nF\u00fcr die Weihnachtsfeier im Kindergarten mussten sie ihre Weihnachtspl\u00e4tze sch\u00f6n herrichten. Flei\u00dfig sammelten sie Reisig und trugen es auf die Pl\u00e4tze.<\/p>\n<p>Sie dekorierten den Platz. Das Waldsofa wurde wieder sch\u00f6n gerichtet. Die Spannung steigt.<br \/>\nIn der Fuchsschule haben unsere Gro\u00dfen gebacken, eine \u00dcberraschung f\u00fcr unsere kleinen Eichh\u00f6rnchen und M\u00e4use. Au\u00dferdem haben sie f\u00fcr uns Eltern eine Advents-Kerze gebastelt.<\/p>\n<figure id=\"attachment_1484\" aria-describedby=\"caption-attachment-1484\" style=\"width: 460px\" class=\"wp-caption alignnone\"><img loading=\"lazy\" decoding=\"async\" class=\"size-full wp-image-1484\" src=\"http:\/\/waldkindergarten-berglen.de\/wp-content\/uploads\/2016\/06\/900-1-1.jpg\" alt=\"Advent, Advent, ...\" width=\"460\" height=\"345\" \/><figcaption id=\"caption-attachment-1484\" class=\"wp-caption-text\">Advent, Advent, &#8230;<\/figcaption><\/figure>\n<p><em>Wussten Sie schon?<\/em><br \/>\n<em>Vanille kann nur von einer einzigen kleinen Biene best\u00e4ubt werden, die nur in Mittelamerika vorkommt. Wenn man Vanille-Schoten au\u00dferhalb der Heimat der Biene erhalten will, muss das Best\u00e4uben von Menschen \u00fcbernommen werden.<\/em><\/p>\n","protected":false},"excerpt":{"rendered":"<p>Auch unsere Waldkinder merken, dass es in Riesenschritten auf Weihnachten zugeht. Ganz heimlich basteln sie im Kindergarten und erz\u00e4hlen nicht, was sie gebastelt haben. F\u00fcr die Weihnachtsfeier im Kindergarten mussten sie ihre Weihnachtspl\u00e4tze sch\u00f6n herrichten. Flei\u00dfig sammelten sie Reisig und trugen es auf die Pl\u00e4tze. Sie dekorierten den Platz. Das Waldsofa wurde wieder sch\u00f6n gerichtet.&hellip; <a href=\"https:\/\/waldkindergarten-berglen.de\/?p=1485\" class=\"more-link\">Weiterlesen <span class=\"screen-reader-text\">Advent, Advent, &#8230;<\/span><\/a><\/p>\n","protected":false},"author":1,"featured_media":0,"comment_status":"closed","ping_status":"closed","sticky":false,"template":"","format":"standard","meta":{"ngg_post_thumbnail":0,"_jetpack_memberships_contains_paid_content":false,"footnotes":""},"categories":[3],"tags":[],"class_list":["post-1485","post","type-post","status-publish","format-standard","hentry","category-berichte"],"jetpack_featured_media_url":"","jetpack_sharing_enabled":true,"_links":{"self":[{"href":"https:\/\/waldkindergarten-berglen.de\/index.php?rest_route=\/wp\/v2\/posts\/1485","targetHints":{"allow":["GET"]}}],"collection":[{"href":"https:\/\/waldkindergarten-berglen.de\/index.php?rest_route=\/wp\/v2\/posts"}],"about":[{"href":"https:\/\/waldkindergarten-berglen.de\/index.php?rest_route=\/wp\/v2\/types\/post"}],"author":[{"embeddable":true,"href":"https:\/\/waldkindergarten-berglen.de\/index.php?rest_route=\/wp\/v2\/users\/1"}],"replies":[{"embeddable":true,"href":"https:\/\/waldkindergarten-berglen.de\/index.php?rest_route=%2Fwp%2Fv2%2Fcomments&post=1485"}],"version-history":[{"count":0,"href":"https:\/\/waldkindergarten-berglen.de\/index.php?rest_route=\/wp\/v2\/posts\/1485\/revisions"}],"wp:attachment":[{"href":"https:\/\/waldkindergarten-berglen.de\/index.php?rest_route=%2Fwp%2Fv2%2Fmedia&parent=1485"}],"wp:term":[{"taxonomy":"category","embeddable":true,"href":"https:\/\/waldkindergarten-berglen.de\/index.php?rest_route=%2Fwp%2Fv2%2Fcategories&post=1485"},{"taxonomy":"post_tag","embeddable":true,"href":"https:\/\/waldkindergarten-berglen.de\/index.php?rest_route=%2Fwp%2Fv2%2Ftags&post=1485"}],"curies":[{"name":"wp","href":"https:\/\/api.w.org\/{rel}","templated":true}]}}