{"id":1498,"date":"2014-11-10T12:00:35","date_gmt":"2014-11-10T12:00:35","guid":{"rendered":"http:\/\/waldkindergarten-berglen.de\/?p=1498"},"modified":"2014-11-10T12:00:35","modified_gmt":"2014-11-10T12:00:35","slug":"im-herbst-baden","status":"publish","type":"post","link":"https:\/\/waldkindergarten-berglen.de\/?p=1498","title":{"rendered":"Im Herbst baden!"},"content":{"rendered":"<p>Nun ist die Zeit, in der uns der Wald viele Fr\u00fcchte schenkt.<\/p>\n<p>Wie die flei\u00dfigen Eichh\u00f6rnchen suchten die Waldkinder die Sch\u00e4tze des Waldes. Dabei sammelten sie Eicheln, Bucheckern, Zapfen und Kastanien!<\/p>\n<p>Die Ausdauer machte sich bezahlt! Als alle Kinder ihre Fr\u00fcchte in die Zinkbadewanne sch\u00fctteten war es genug um darin ein Bad zu nehmen.<\/p>\n<p>Dies durften dann auch alle tun. Einer nach dem Anderen.<\/p>\n<p>Dabei bemerkten die Kinder, dass sich die Fr\u00fcchte sehr in ihrer Beschaffenheit, Form und Gr\u00f6\u00dfe unterscheiden.\u00a0 Doch haben sie eines gemeinsam: Sie sind alle sehr wichtig f\u00fcr das \u00dcberleben der Waldtiere im Winter.<\/p>\n<p>Darum streuten sie die Waldfr\u00fcchte hinterher auch wieder im Wald aus und hoffen, dass es gen\u00fcgend Fr\u00fcchte f\u00fcr alle Tiere sind.<\/p>\n<p><em>Wussten Sie schon?<\/em><br \/>\n<em>Dass Eichen eine ungew\u00f6hnliche Vielfalt an Insekten (bis zu 1000 Arten in einer Krone) beherbergen?<\/em><\/p>\n","protected":false},"excerpt":{"rendered":"<p>Nun ist die Zeit, in der uns der Wald viele Fr\u00fcchte schenkt. Wie die flei\u00dfigen Eichh\u00f6rnchen suchten die Waldkinder die Sch\u00e4tze des Waldes. Dabei sammelten sie Eicheln, Bucheckern, Zapfen und Kastanien! Die Ausdauer machte sich bezahlt! Als alle Kinder ihre Fr\u00fcchte in die Zinkbadewanne sch\u00fctteten war es genug um darin ein Bad zu nehmen. Dies&hellip; <a href=\"https:\/\/waldkindergarten-berglen.de\/?p=1498\" class=\"more-link\">Weiterlesen <span class=\"screen-reader-text\">Im Herbst baden!<\/span><\/a><\/p>\n","protected":false},"author":1,"featured_media":0,"comment_status":"closed","ping_status":"closed","sticky":false,"template":"","format":"standard","meta":{"ngg_post_thumbnail":0,"_jetpack_memberships_contains_paid_content":false,"footnotes":""},"categories":[3],"tags":[],"class_list":["post-1498","post","type-post","status-publish","format-standard","hentry","category-berichte"],"jetpack_featured_media_url":"","jetpack_sharing_enabled":true,"_links":{"self":[{"href":"https:\/\/waldkindergarten-berglen.de\/index.php?rest_route=\/wp\/v2\/posts\/1498","targetHints":{"allow":["GET"]}}],"collection":[{"href":"https:\/\/waldkindergarten-berglen.de\/index.php?rest_route=\/wp\/v2\/posts"}],"about":[{"href":"https:\/\/waldkindergarten-berglen.de\/index.php?rest_route=\/wp\/v2\/types\/post"}],"author":[{"embeddable":true,"href":"https:\/\/waldkindergarten-berglen.de\/index.php?rest_route=\/wp\/v2\/users\/1"}],"replies":[{"embeddable":true,"href":"https:\/\/waldkindergarten-berglen.de\/index.php?rest_route=%2Fwp%2Fv2%2Fcomments&post=1498"}],"version-history":[{"count":0,"href":"https:\/\/waldkindergarten-berglen.de\/index.php?rest_route=\/wp\/v2\/posts\/1498\/revisions"}],"wp:attachment":[{"href":"https:\/\/waldkindergarten-berglen.de\/index.php?rest_route=%2Fwp%2Fv2%2Fmedia&parent=1498"}],"wp:term":[{"taxonomy":"category","embeddable":true,"href":"https:\/\/waldkindergarten-berglen.de\/index.php?rest_route=%2Fwp%2Fv2%2Fcategories&post=1498"},{"taxonomy":"post_tag","embeddable":true,"href":"https:\/\/waldkindergarten-berglen.de\/index.php?rest_route=%2Fwp%2Fv2%2Ftags&post=1498"}],"curies":[{"name":"wp","href":"https:\/\/api.w.org\/{rel}","templated":true}]}}