{"id":1506,"date":"2014-10-20T12:00:25","date_gmt":"2014-10-20T12:00:25","guid":{"rendered":"http:\/\/waldkindergarten-berglen.de\/?p=1506"},"modified":"2014-10-20T12:00:25","modified_gmt":"2014-10-20T12:00:25","slug":"besuch-im-gehoelzlehrpfad","status":"publish","type":"post","link":"https:\/\/waldkindergarten-berglen.de\/?p=1506","title":{"rendered":"Besuch im Geh\u00f6lzlehrpfad"},"content":{"rendered":"<p>Das Thema B\u00e4ume und Holz besch\u00e4ftigt unsere Wichtel und Zwerge schon eine ganze Zeit lang. Deshalb haben\u00a0 unsere Waldkinder den Geh\u00f6lz-Lehrpfad in H\u00f6\u00dflinswart besucht. Nach dem gewohnten Beginn im Morgenkreis machten sie sich auf den Weg. Nach einer langen Wanderung erreichten sie schlie\u00dflich ihr Ziel.<\/p>\n<p>Dort gab es viele verschiedene B\u00e4ume: Ahorn, Eichen, Buchen, Quitten, Haselnuss, Kastanien und sogar Mammutb\u00e4ume. Bei den gro\u00dfen Mammutb\u00e4umen stellten sie sich die Frage: Wie viele Kinder brauchen wir, um einen Mammutbaum zu umarmen?<\/p>\n<figure id=\"attachment_1491\" aria-describedby=\"caption-attachment-1491\" style=\"width: 460px\" class=\"wp-caption alignnone\"><img loading=\"lazy\" decoding=\"async\" class=\"size-full wp-image-1491\" src=\"http:\/\/waldkindergarten-berglen.de\/wp-content\/uploads\/2016\/06\/895-1-1.jpg\" alt=\"Wir umarmen einen Baum\" width=\"460\" height=\"345\" \/><figcaption id=\"caption-attachment-1491\" class=\"wp-caption-text\">Wir umarmen einen Baum<\/figcaption><\/figure>\n<p>Bl\u00e4tter und Maronen wurden gesammelt. Am n\u00e4chsten Tag haben unsere Waldkinder dann Maronen \u00fcber dem Feuer ger\u00f6stet. Danach durfte jedes Kind sich Maronen sch\u00e4len und probieren. Lecker!<\/p>\n<p><em>Wussten Sie schon?<\/em><br \/>\n<em>Kastanienb\u00e4ume k\u00f6nnen bis zu 30 m hoch und bis zu 1000 Jahre alt werden.<\/em><\/p>\n","protected":false},"excerpt":{"rendered":"<p>Das Thema B\u00e4ume und Holz besch\u00e4ftigt unsere Wichtel und Zwerge schon eine ganze Zeit lang. Deshalb haben\u00a0 unsere Waldkinder den Geh\u00f6lz-Lehrpfad in H\u00f6\u00dflinswart besucht. Nach dem gewohnten Beginn im Morgenkreis machten sie sich auf den Weg. Nach einer langen Wanderung erreichten sie schlie\u00dflich ihr Ziel. Dort gab es viele verschiedene B\u00e4ume: Ahorn, Eichen, Buchen, Quitten,&hellip; <a href=\"https:\/\/waldkindergarten-berglen.de\/?p=1506\" class=\"more-link\">Weiterlesen <span class=\"screen-reader-text\">Besuch im Geh\u00f6lzlehrpfad<\/span><\/a><\/p>\n","protected":false},"author":1,"featured_media":0,"comment_status":"closed","ping_status":"closed","sticky":false,"template":"","format":"standard","meta":{"ngg_post_thumbnail":0,"_jetpack_memberships_contains_paid_content":false,"footnotes":""},"categories":[3],"tags":[],"class_list":["post-1506","post","type-post","status-publish","format-standard","hentry","category-berichte"],"jetpack_featured_media_url":"","jetpack_sharing_enabled":true,"_links":{"self":[{"href":"https:\/\/waldkindergarten-berglen.de\/index.php?rest_route=\/wp\/v2\/posts\/1506","targetHints":{"allow":["GET"]}}],"collection":[{"href":"https:\/\/waldkindergarten-berglen.de\/index.php?rest_route=\/wp\/v2\/posts"}],"about":[{"href":"https:\/\/waldkindergarten-berglen.de\/index.php?rest_route=\/wp\/v2\/types\/post"}],"author":[{"embeddable":true,"href":"https:\/\/waldkindergarten-berglen.de\/index.php?rest_route=\/wp\/v2\/users\/1"}],"replies":[{"embeddable":true,"href":"https:\/\/waldkindergarten-berglen.de\/index.php?rest_route=%2Fwp%2Fv2%2Fcomments&post=1506"}],"version-history":[{"count":0,"href":"https:\/\/waldkindergarten-berglen.de\/index.php?rest_route=\/wp\/v2\/posts\/1506\/revisions"}],"wp:attachment":[{"href":"https:\/\/waldkindergarten-berglen.de\/index.php?rest_route=%2Fwp%2Fv2%2Fmedia&parent=1506"}],"wp:term":[{"taxonomy":"category","embeddable":true,"href":"https:\/\/waldkindergarten-berglen.de\/index.php?rest_route=%2Fwp%2Fv2%2Fcategories&post=1506"},{"taxonomy":"post_tag","embeddable":true,"href":"https:\/\/waldkindergarten-berglen.de\/index.php?rest_route=%2Fwp%2Fv2%2Ftags&post=1506"}],"curies":[{"name":"wp","href":"https:\/\/api.w.org\/{rel}","templated":true}]}}