{"id":1508,"date":"2014-10-23T12:00:06","date_gmt":"2014-10-23T12:00:06","guid":{"rendered":"http:\/\/waldkindergarten-berglen.de\/?p=1508"},"modified":"2014-10-23T12:00:06","modified_gmt":"2014-10-23T12:00:06","slug":"hauptversammlung","status":"publish","type":"post","link":"https:\/\/waldkindergarten-berglen.de\/?p=1508","title":{"rendered":"Hauptversammlung"},"content":{"rendered":"<p>Bei unserer Hauptversammlung standen Wahlen auf dem Programm. Wir haben unsere Beisitzerin Heide B\u00fchner verabschiedet.<\/p>\n<p><strong>Danke liebe Heide f\u00fcr dein Engagement im Vorstand unseres Vereines in den vergangenen Jahren.<\/strong><\/p>\n<p>Als Nachfolgerin wurde Steffi Hinderer gew\u00e4hlt.<\/p>\n<p><strong>Danke f\u00fcr deine Bereitschaft, in unserem Verein mitzuwirken.<\/strong><\/p>\n<p><strong>Ein Dank auch an unsere anderen Vorstandsmitglieder, die in den letzten Jahren viel Engagement eingebracht haben und es weiterhin tun.<\/strong><\/p>\n","protected":false},"excerpt":{"rendered":"<p>Bei unserer Hauptversammlung standen Wahlen auf dem Programm. Wir haben unsere Beisitzerin Heide B\u00fchner verabschiedet. Danke liebe Heide f\u00fcr dein Engagement im Vorstand unseres Vereines in den vergangenen Jahren. Als Nachfolgerin wurde Steffi Hinderer gew\u00e4hlt. Danke f\u00fcr deine Bereitschaft, in unserem Verein mitzuwirken. Ein Dank auch an unsere anderen Vorstandsmitglieder, die in den letzten Jahren&hellip; <a href=\"https:\/\/waldkindergarten-berglen.de\/?p=1508\" class=\"more-link\">Weiterlesen <span class=\"screen-reader-text\">Hauptversammlung<\/span><\/a><\/p>\n","protected":false},"author":3,"featured_media":0,"comment_status":"closed","ping_status":"closed","sticky":false,"template":"","format":"aside","meta":{"ngg_post_thumbnail":0,"_jetpack_memberships_contains_paid_content":false,"footnotes":""},"categories":[7],"tags":[],"class_list":["post-1508","post","type-post","status-publish","format-aside","hentry","category-verein","post_format-post-format-aside"],"jetpack_featured_media_url":"","jetpack_sharing_enabled":true,"_links":{"self":[{"href":"https:\/\/waldkindergarten-berglen.de\/index.php?rest_route=\/wp\/v2\/posts\/1508","targetHints":{"allow":["GET"]}}],"collection":[{"href":"https:\/\/waldkindergarten-berglen.de\/index.php?rest_route=\/wp\/v2\/posts"}],"about":[{"href":"https:\/\/waldkindergarten-berglen.de\/index.php?rest_route=\/wp\/v2\/types\/post"}],"author":[{"embeddable":true,"href":"https:\/\/waldkindergarten-berglen.de\/index.php?rest_route=\/wp\/v2\/users\/3"}],"replies":[{"embeddable":true,"href":"https:\/\/waldkindergarten-berglen.de\/index.php?rest_route=%2Fwp%2Fv2%2Fcomments&post=1508"}],"version-history":[{"count":0,"href":"https:\/\/waldkindergarten-berglen.de\/index.php?rest_route=\/wp\/v2\/posts\/1508\/revisions"}],"wp:attachment":[{"href":"https:\/\/waldkindergarten-berglen.de\/index.php?rest_route=%2Fwp%2Fv2%2Fmedia&parent=1508"}],"wp:term":[{"taxonomy":"category","embeddable":true,"href":"https:\/\/waldkindergarten-berglen.de\/index.php?rest_route=%2Fwp%2Fv2%2Fcategories&post=1508"},{"taxonomy":"post_tag","embeddable":true,"href":"https:\/\/waldkindergarten-berglen.de\/index.php?rest_route=%2Fwp%2Fv2%2Ftags&post=1508"}],"curies":[{"name":"wp","href":"https:\/\/api.w.org\/{rel}","templated":true}]}}