{"id":1512,"date":"2014-10-17T12:00:30","date_gmt":"2014-10-17T12:00:30","guid":{"rendered":"http:\/\/waldkindergarten-berglen.de\/?p=1512"},"modified":"2014-10-17T12:00:30","modified_gmt":"2014-10-17T12:00:30","slug":"baeume-in-unserem-wald","status":"publish","type":"post","link":"https:\/\/waldkindergarten-berglen.de\/?p=1512","title":{"rendered":"B\u00e4ume in unserem Wald"},"content":{"rendered":"<p>Vor kurzem hatten unsere Waldkinder Besuch. Unser F\u00f6rster Herr Grass kam in den Wald zu den Wichteln und Zwergen. Ein langer Weg lag vor ihnen. Als sie schon sehr weit gelaufen waren, sahen sie gro\u00dfe Maschinen. Herr Grass erkl\u00e4rte den Kindern die Maschinen, mit denen B\u00e4ume gef\u00e4llt werden. Die Waldkinder waren beeindruckt.<\/p>\n<p>Au\u00dferdem erz\u00e4hlte er ihnen, was aus den B\u00e4umen gemacht wurde. Aus dicken B\u00e4umen werden M\u00f6bel hergestellt, aus mittleren und d\u00fcnnen B\u00e4umen wird Papier und Brennholz gemacht.<\/p>\n<figure id=\"attachment_1519\" aria-describedby=\"caption-attachment-1519\" style=\"width: 460px\" class=\"wp-caption alignnone\"><img loading=\"lazy\" decoding=\"async\" class=\"size-full wp-image-1519\" src=\"http:\/\/waldkindergarten-berglen.de\/wp-content\/uploads\/2016\/06\/886-1-1.jpg\" alt=\"Mit dem F\u00f6rster im Wald\" width=\"460\" height=\"345\" \/><figcaption id=\"caption-attachment-1519\" class=\"wp-caption-text\">Mit dem F\u00f6rster im Wald<\/figcaption><\/figure>\n<h4>Was ist aus Holz?<\/h4>\n<p>Das Thema Holz und B\u00e4ume ist gerade Thema unserer Kinder. Zu diesem Thema gab es auch einige R\u00e4tsel. Was kennen wir, das aus Holz hergestellt ist. In einem Korb lagen Gegenst\u00e4nde aus Holz. Diese waren zugedeckt. Alle durften nun unter dem Tuch f\u00fchlen und erraten, was sich da versteckt: Spielzeug, ein Stiefelknecht, Kochl\u00f6ffel&#8230;<\/p>\n<figure id=\"attachment_1520\" aria-describedby=\"caption-attachment-1520\" style=\"width: 259px\" class=\"wp-caption alignnone\"><img loading=\"lazy\" decoding=\"async\" class=\"size-full wp-image-1520\" src=\"http:\/\/waldkindergarten-berglen.de\/wp-content\/uploads\/2016\/06\/887-1-1.jpg\" alt=\"Was ist aus Holz\" width=\"259\" height=\"460\" \/><figcaption id=\"caption-attachment-1520\" class=\"wp-caption-text\">Was ist aus Holz<\/figcaption><\/figure>\n<p><em>Wussten Sie schon?<\/em><br \/>\n<em>Der Wald gleicht Temperaturschwankungen aus\u00a0 und erh\u00f6ht die Luftfeuchtigkeit aus. Au\u00dferdem halten die Wurzeln der B\u00e4ume den Boden fest, so dass dieser nicht mit dem Regen weg geschwemmt wird.<\/em><\/p>\n","protected":false},"excerpt":{"rendered":"<p>Vor kurzem hatten unsere Waldkinder Besuch. Unser F\u00f6rster Herr Grass kam in den Wald zu den Wichteln und Zwergen. Ein langer Weg lag vor ihnen. Als sie schon sehr weit gelaufen waren, sahen sie gro\u00dfe Maschinen. Herr Grass erkl\u00e4rte den Kindern die Maschinen, mit denen B\u00e4ume gef\u00e4llt werden. Die Waldkinder waren beeindruckt. Au\u00dferdem erz\u00e4hlte er&hellip; <a href=\"https:\/\/waldkindergarten-berglen.de\/?p=1512\" class=\"more-link\">Weiterlesen <span class=\"screen-reader-text\">B\u00e4ume in unserem Wald<\/span><\/a><\/p>\n","protected":false},"author":1,"featured_media":0,"comment_status":"closed","ping_status":"closed","sticky":false,"template":"","format":"standard","meta":{"ngg_post_thumbnail":0,"_jetpack_memberships_contains_paid_content":false,"footnotes":""},"categories":[3],"tags":[],"class_list":["post-1512","post","type-post","status-publish","format-standard","hentry","category-berichte"],"jetpack_featured_media_url":"","jetpack_sharing_enabled":true,"_links":{"self":[{"href":"https:\/\/waldkindergarten-berglen.de\/index.php?rest_route=\/wp\/v2\/posts\/1512","targetHints":{"allow":["GET"]}}],"collection":[{"href":"https:\/\/waldkindergarten-berglen.de\/index.php?rest_route=\/wp\/v2\/posts"}],"about":[{"href":"https:\/\/waldkindergarten-berglen.de\/index.php?rest_route=\/wp\/v2\/types\/post"}],"author":[{"embeddable":true,"href":"https:\/\/waldkindergarten-berglen.de\/index.php?rest_route=\/wp\/v2\/users\/1"}],"replies":[{"embeddable":true,"href":"https:\/\/waldkindergarten-berglen.de\/index.php?rest_route=%2Fwp%2Fv2%2Fcomments&post=1512"}],"version-history":[{"count":0,"href":"https:\/\/waldkindergarten-berglen.de\/index.php?rest_route=\/wp\/v2\/posts\/1512\/revisions"}],"wp:attachment":[{"href":"https:\/\/waldkindergarten-berglen.de\/index.php?rest_route=%2Fwp%2Fv2%2Fmedia&parent=1512"}],"wp:term":[{"taxonomy":"category","embeddable":true,"href":"https:\/\/waldkindergarten-berglen.de\/index.php?rest_route=%2Fwp%2Fv2%2Fcategories&post=1512"},{"taxonomy":"post_tag","embeddable":true,"href":"https:\/\/waldkindergarten-berglen.de\/index.php?rest_route=%2Fwp%2Fv2%2Ftags&post=1512"}],"curies":[{"name":"wp","href":"https:\/\/api.w.org\/{rel}","templated":true}]}}