{"id":1579,"date":"2014-08-02T11:00:10","date_gmt":"2014-08-02T09:00:10","guid":{"rendered":"http:\/\/waldkindergarten-berglen.de\/?p=1579"},"modified":"2014-08-02T11:00:10","modified_gmt":"2014-08-02T09:00:10","slug":"die-waldspielgruppe-geht-in-die-sommerpause-2","status":"publish","type":"post","link":"https:\/\/waldkindergarten-berglen.de\/?p=1579","title":{"rendered":"Die Waldspielgruppe geht in die Sommerpause"},"content":{"rendered":"<p>Waren es so tiefe Wolken oder Nebel, aus dem es in Str\u00f6men nieselte?<\/p>\n<p>Auf alle F\u00e4lle hatten wir sehr apartes Wetter an unserem Abschlussvormittag am 30.07.2014.<\/p>\n<p>Die Begr\u00fc\u00dfungsrunde fand in der trockenen Schutzh\u00fctte statt, wo wir auch einige Wunschlieder der Kinder sangen. Die 2-3 J\u00e4hrigen singen ausgesprochen gerne, und manche auch ausgesprochen laut mit viel Herzblut. Das ist wirklich anr\u00fchrend.<\/p>\n<p>Bei dichtestem Nieselregen ging es dann in den Wald, wo die Kinder in kleinen B\u00e4chen D\u00e4mme bauen oder buddeln durften. Welches Kind hat dieses Privileg heutzutage noch?<\/p>\n<p>Zur\u00fcck in der H\u00fctte schnitten wir dann Obst klein und machten uns eine riesige Sch\u00fcssel voll Obstsalat.<\/p>\n<figure id=\"attachment_1576\" aria-describedby=\"caption-attachment-1576\" style=\"width: 460px\" class=\"wp-caption alignnone\"><img loading=\"lazy\" decoding=\"async\" class=\"size-full wp-image-1576\" src=\"http:\/\/waldkindergarten-berglen.de\/wp-content\/uploads\/2016\/06\/882-2-1-1-1.jpg\" alt=\"Wir machen einen Obstsalat!\" width=\"460\" height=\"345\" \/><figcaption id=\"caption-attachment-1576\" class=\"wp-caption-text\">Wir machen einen Obstsalat!<\/figcaption><\/figure>\n<p>Nicht nur der schmeckte prima, sondern auch all die K\u00f6stlichkeiten, die die M\u00fctter f\u00fcr unser Abschlussbuffet mitgebracht hatten.<br \/>\nWir werden uns vermissen, bis wir uns im September wieder sehen.<\/p>\n","protected":false},"excerpt":{"rendered":"<p>Waren es so tiefe Wolken oder Nebel, aus dem es in Str\u00f6men nieselte? Auf alle F\u00e4lle hatten wir sehr apartes Wetter an unserem Abschlussvormittag am 30.07.2014. Die Begr\u00fc\u00dfungsrunde fand in der trockenen Schutzh\u00fctte statt, wo wir auch einige Wunschlieder der Kinder sangen. Die 2-3 J\u00e4hrigen singen ausgesprochen gerne, und manche auch ausgesprochen laut mit viel&hellip; <a href=\"https:\/\/waldkindergarten-berglen.de\/?p=1579\" class=\"more-link\">Weiterlesen <span class=\"screen-reader-text\">Die Waldspielgruppe geht in die Sommerpause<\/span><\/a><\/p>\n","protected":false},"author":1,"featured_media":0,"comment_status":"closed","ping_status":"closed","sticky":false,"template":"","format":"standard","meta":{"ngg_post_thumbnail":0,"_jetpack_memberships_contains_paid_content":false,"footnotes":""},"categories":[11],"tags":[],"class_list":["post-1579","post","type-post","status-publish","format-standard","hentry","category-waldspielgruppenberichte-bis-2017"],"jetpack_featured_media_url":"","jetpack_sharing_enabled":true,"_links":{"self":[{"href":"https:\/\/waldkindergarten-berglen.de\/index.php?rest_route=\/wp\/v2\/posts\/1579","targetHints":{"allow":["GET"]}}],"collection":[{"href":"https:\/\/waldkindergarten-berglen.de\/index.php?rest_route=\/wp\/v2\/posts"}],"about":[{"href":"https:\/\/waldkindergarten-berglen.de\/index.php?rest_route=\/wp\/v2\/types\/post"}],"author":[{"embeddable":true,"href":"https:\/\/waldkindergarten-berglen.de\/index.php?rest_route=\/wp\/v2\/users\/1"}],"replies":[{"embeddable":true,"href":"https:\/\/waldkindergarten-berglen.de\/index.php?rest_route=%2Fwp%2Fv2%2Fcomments&post=1579"}],"version-history":[{"count":0,"href":"https:\/\/waldkindergarten-berglen.de\/index.php?rest_route=\/wp\/v2\/posts\/1579\/revisions"}],"wp:attachment":[{"href":"https:\/\/waldkindergarten-berglen.de\/index.php?rest_route=%2Fwp%2Fv2%2Fmedia&parent=1579"}],"wp:term":[{"taxonomy":"category","embeddable":true,"href":"https:\/\/waldkindergarten-berglen.de\/index.php?rest_route=%2Fwp%2Fv2%2Fcategories&post=1579"},{"taxonomy":"post_tag","embeddable":true,"href":"https:\/\/waldkindergarten-berglen.de\/index.php?rest_route=%2Fwp%2Fv2%2Ftags&post=1579"}],"curies":[{"name":"wp","href":"https:\/\/api.w.org\/{rel}","templated":true}]}}