{"id":1585,"date":"2014-07-21T12:00:14","date_gmt":"2014-07-21T12:00:14","guid":{"rendered":"http:\/\/waldkindergarten-berglen.de\/?p=1585"},"modified":"2014-07-21T12:00:14","modified_gmt":"2014-07-21T12:00:14","slug":"den-wald-bei-nacht-erleben","status":"publish","type":"post","link":"https:\/\/waldkindergarten-berglen.de\/?p=1585","title":{"rendered":"Den Wald bei Nacht erleben!"},"content":{"rendered":"<p>Das konnten unsere F\u00fcchse ( Vorschulkinder) vergangenen Donnerstag ausgiebig tun! Denn es war der Tag der Waldkindergarten\u00fcbernachtung!<br \/>\nJedes Waldkind freut sich auf diesen Tag, denn es ist ein gro\u00dfes Abenteuer gemeinsam mit den Erzieherinnen und den anderen F\u00fcchsen in der Sturmh\u00f6hle (unserer Schutzh\u00fctte) auf dem St\u00fcckle am Waldrand zu \u00fcbernachten!<\/p>\n<p>Dabei gibt es einen fest geregelten Ablauf:<\/p>\n<p>Um 18 Uhr treffen sich die F\u00fcchse mit Schlafsack, Isomatte, Schlafanzug, Zahnputzzeug und nat\u00fcrlich dem Lieblingskuscheltier auf dem St\u00fcckle mit Ihren Erzieherinnen!<\/p>\n<p>Nachdem die Eltern ihren Anteil f\u00fcr das Abend- und Fr\u00fchst\u00fccksbuffet verstaut und ihren \u00abGro\u00dfen\u00bb eine gute Nacht gew\u00fcnscht haben, d\u00fcrfen Sie den Heimweg antreten!<\/p>\n<figure id=\"attachment_1573\" aria-describedby=\"caption-attachment-1573\" style=\"width: 460px\" class=\"wp-caption alignnone\"><img loading=\"lazy\" decoding=\"async\" class=\"size-full wp-image-1573\" src=\"http:\/\/waldkindergarten-berglen.de\/wp-content\/uploads\/2016\/06\/879-2-1-1-1.jpg\" alt=\"Das Nachtlager ist bereit!\" width=\"460\" height=\"345\" \/><figcaption id=\"caption-attachment-1573\" class=\"wp-caption-text\">Das Nachtlager ist bereit!<\/figcaption><\/figure>\n<p>Nach einer Zeit des Ankommens, gab es bei sch\u00f6nstem Sommerwetter ein tolles Abendbuffet. Bis zum Eintritt der Dunkelheit waren Spiele und auch eine Geschichte dran.<\/p>\n<p>Doch dann wurde es dunkel. Die Ger\u00e4usche des Waldes ver\u00e4nderten sich, die Temperatur begann ganz allm\u00e4hlich etwas abzusinken und die Spannung stieg. Denn nun war es Zeit f\u00fcr die Nachtwanderung.<\/p>\n<p>Doch die Taschenlampen sollten die Kinder zur\u00fccklassen. Stattdessen bekamen alle Knicklichter um die Tiere des Waldes nicht zu erschrecken und selbst auch mehr wahrnehmen zu k\u00f6nnen.<\/p>\n<p>Es muss eine \u00fcberw\u00e4ltigende Wanderung gewesen sein! Wege, welche die Kinder tags\u00fcber im Schlaf kannten, erschienen pl\u00f6tzlich befremdlich!<\/p>\n<p>Die Entdeckungen in dieser Nacht waren wundersch\u00f6n! Und in dieser einzigartigen Atmosph\u00e4re erschienen sogar die Gl\u00fchw\u00fcrmchen zauberhaft!<\/p>\n<p>M\u00fcde, aber gl\u00fccklich kamen alle wieder zu ihrem Schlaflager zur\u00fcck! Den besonders m\u00fcden Kindern wurde ausnahmsweise das Z\u00e4hneputzen erlassen.<\/p>\n<p>Und so war bald auch im letzten Schlafsack zufriedenes Schnarchen zu h\u00f6ren.<\/p>\n<p>Am Morgen lockte das Fr\u00fchst\u00fccksbuffet die Abenteurer wieder in die ersten Sonnenstrahlen, bevor sie gl\u00fccklich und noch ganz \u00fcberw\u00e4ltigt von den Erlebnissen von Ihren Eltern abgeholt wurden!<\/p>\n<p><strong>Vielen lieben Dank an unser Topteam von Erzieherinnen und Drittkr\u00e4ften!<\/strong><br \/>\n<strong>Euer Einsatz ist scheinbar grenzenlos und einmalig!!!<\/strong><\/p>\n<p><strong>Danke, dass Ihr dieses, f\u00fcr jedes Kind einmalige Ereignis jedes Jahr auf\u00b4s Neue, freiwillig auf Euch nehmt.<\/strong><\/p>\n<p><strong>Und dies, trotz der gro\u00dfen Entbehrung, immer mit sehr viel Engagement, einem L\u00e4cheln und bester Laune. In dem Wissen, dass ihr unseren Kindern damit einen weiteren Schatz mit in ihr weiteres Leben gebt.<\/strong><\/p>\n<p><em>Wussten Sie schon?<\/em><br \/>\n<em>Dass Gl\u00fchw\u00fcrmchen 95% der erzeugten Energie in Form von Licht abgeben, w\u00e4hrend Gl\u00fchbirnen nur 5% der Energie in Licht umwandeln und den Rest als W\u00e4rme abgeben?<\/em><\/p>\n","protected":false},"excerpt":{"rendered":"<p>Das konnten unsere F\u00fcchse ( Vorschulkinder) vergangenen Donnerstag ausgiebig tun! Denn es war der Tag der Waldkindergarten\u00fcbernachtung! Jedes Waldkind freut sich auf diesen Tag, denn es ist ein gro\u00dfes Abenteuer gemeinsam mit den Erzieherinnen und den anderen F\u00fcchsen in der Sturmh\u00f6hle (unserer Schutzh\u00fctte) auf dem St\u00fcckle am Waldrand zu \u00fcbernachten! Dabei gibt es einen fest&hellip; <a href=\"https:\/\/waldkindergarten-berglen.de\/?p=1585\" class=\"more-link\">Weiterlesen <span class=\"screen-reader-text\">Den Wald bei Nacht erleben!<\/span><\/a><\/p>\n","protected":false},"author":1,"featured_media":0,"comment_status":"closed","ping_status":"closed","sticky":false,"template":"","format":"standard","meta":{"ngg_post_thumbnail":0,"_jetpack_memberships_contains_paid_content":false,"footnotes":""},"categories":[3],"tags":[],"class_list":["post-1585","post","type-post","status-publish","format-standard","hentry","category-berichte"],"jetpack_featured_media_url":"","jetpack_sharing_enabled":true,"_links":{"self":[{"href":"https:\/\/waldkindergarten-berglen.de\/index.php?rest_route=\/wp\/v2\/posts\/1585","targetHints":{"allow":["GET"]}}],"collection":[{"href":"https:\/\/waldkindergarten-berglen.de\/index.php?rest_route=\/wp\/v2\/posts"}],"about":[{"href":"https:\/\/waldkindergarten-berglen.de\/index.php?rest_route=\/wp\/v2\/types\/post"}],"author":[{"embeddable":true,"href":"https:\/\/waldkindergarten-berglen.de\/index.php?rest_route=\/wp\/v2\/users\/1"}],"replies":[{"embeddable":true,"href":"https:\/\/waldkindergarten-berglen.de\/index.php?rest_route=%2Fwp%2Fv2%2Fcomments&post=1585"}],"version-history":[{"count":0,"href":"https:\/\/waldkindergarten-berglen.de\/index.php?rest_route=\/wp\/v2\/posts\/1585\/revisions"}],"wp:attachment":[{"href":"https:\/\/waldkindergarten-berglen.de\/index.php?rest_route=%2Fwp%2Fv2%2Fmedia&parent=1585"}],"wp:term":[{"taxonomy":"category","embeddable":true,"href":"https:\/\/waldkindergarten-berglen.de\/index.php?rest_route=%2Fwp%2Fv2%2Fcategories&post=1585"},{"taxonomy":"post_tag","embeddable":true,"href":"https:\/\/waldkindergarten-berglen.de\/index.php?rest_route=%2Fwp%2Fv2%2Ftags&post=1585"}],"curies":[{"name":"wp","href":"https:\/\/api.w.org\/{rel}","templated":true}]}}