{"id":1653,"date":"2016-06-06T14:05:35","date_gmt":"2016-06-06T14:05:35","guid":{"rendered":"http:\/\/waldkindergarten-berglen.de\/?p=1653"},"modified":"2016-06-06T14:05:35","modified_gmt":"2016-06-06T14:05:35","slug":"wer-wohnt-denn-da-im-schneckenhaus","status":"publish","type":"post","link":"https:\/\/waldkindergarten-berglen.de\/?p=1653","title":{"rendered":"Wer wohnt denn da im Schneckenhaus?"},"content":{"rendered":"<p>Voller Schwung und Energie starteten die Waldkinder nach den Pfingstferien in den fr\u00fchsommerlichen Wald. Endlich k\u00f6nnen sie wieder mit ihren Freunden nach Herzenslust in der freien Natur klettern, spielen, tollen und toben.<\/p>\n<figure id=\"attachment_1656\" aria-describedby=\"caption-attachment-1656\" style=\"width: 300px\" class=\"wp-caption alignnone\"><img loading=\"lazy\" decoding=\"async\" class=\"size-medium wp-image-1656\" src=\"http:\/\/waldkindergarten-berglen.de\/wp-content\/uploads\/2016\/06\/Unser_geliebter_Rutscheberg-1-300x225.jpg\" alt=\"Unser geliebter Rutscheberg!\" width=\"300\" height=\"225\" srcset=\"https:\/\/waldkindergarten-berglen.de\/wp-content\/uploads\/2016\/06\/Unser_geliebter_Rutscheberg-1-300x225.jpg 300w, https:\/\/waldkindergarten-berglen.de\/wp-content\/uploads\/2016\/06\/Unser_geliebter_Rutscheberg-1.jpg 460w\" sizes=\"auto, (max-width: 300px) 100vw, 300px\" \/><figcaption id=\"caption-attachment-1656\" class=\"wp-caption-text\">Unser geliebter Rutscheberg!<\/figcaption><\/figure>\n<p>Viel Spa\u00df macht es auch St\u00f6ckchen zu sammeln, um daraus Fl\u00f6ten zu schnitzen!<\/p>\n<figure id=\"attachment_1654\" aria-describedby=\"caption-attachment-1654\" style=\"width: 300px\" class=\"wp-caption alignnone\"><img loading=\"lazy\" decoding=\"async\" class=\"size-medium wp-image-1654\" src=\"http:\/\/waldkindergarten-berglen.de\/wp-content\/uploads\/2016\/06\/Konzentriert_beim_Schnitzen-1-300x225.jpg\" alt=\"Konzentriert beim Schnitzen!\" width=\"300\" height=\"225\" srcset=\"https:\/\/waldkindergarten-berglen.de\/wp-content\/uploads\/2016\/06\/Konzentriert_beim_Schnitzen-1-300x225.jpg 300w, https:\/\/waldkindergarten-berglen.de\/wp-content\/uploads\/2016\/06\/Konzentriert_beim_Schnitzen-1.jpg 460w\" sizes=\"auto, (max-width: 300px) 100vw, 300px\" \/><figcaption id=\"caption-attachment-1654\" class=\"wp-caption-text\">Konzentriert beim Schnitzen!<\/figcaption><\/figure>\n<p>Seit einer Weile gibt es wieder viele Schnecken im Wald.<\/p>\n<p>Da sich die Kinder sehr f\u00fcr diese Tiere interessieren, brachten die Erzieherinnen einige Geh\u00e4use tragende Schnecken zur n\u00e4heren Betrachtung in den Morgenkreis mit. Diese erwiesen sich als muntere Gesellen und machten sich in erstaunlicher Geschwindigkeit daran, die Blumendekoration in der Kreismitte zu verspeisen.<\/p>\n<p>Anhand eines toll illustrierten Sachbuchs \u00fcber Schnecken konnten die vielen Fragen der Kinder zu diesen bemerkenswerten Tieren beantwortetet werden.<\/p>\n<p>Zur Abrundung dieses spannenden Themas lernten die Kinder das Lied von der Schnecke \u00abMathilda\u00bb und malten mit Wasserfarben wundersch\u00f6ne Bilder von den Schnecken mit ihren H\u00e4uschen.<\/p>\n<figure id=\"attachment_1655\" aria-describedby=\"caption-attachment-1655\" style=\"width: 225px\" class=\"wp-caption alignnone\"><img loading=\"lazy\" decoding=\"async\" class=\"size-medium wp-image-1655\" src=\"http:\/\/waldkindergarten-berglen.de\/wp-content\/uploads\/2016\/06\/Kreativ_beim_Schneckenmalen-1-225x300.jpg\" alt=\"Kreativ beim Schneckenmalen!\" width=\"225\" height=\"300\" srcset=\"https:\/\/waldkindergarten-berglen.de\/wp-content\/uploads\/2016\/06\/Kreativ_beim_Schneckenmalen-1-225x300.jpg 225w, https:\/\/waldkindergarten-berglen.de\/wp-content\/uploads\/2016\/06\/Kreativ_beim_Schneckenmalen-1.jpg 460w\" sizes=\"auto, (max-width: 225px) 100vw, 225px\" \/><figcaption id=\"caption-attachment-1655\" class=\"wp-caption-text\">Kreativ beim Schneckenmalen!<\/figcaption><\/figure>\n<p><em>Wussten Sie schon?<br \/>\nDie Weinbergschnecke erreicht eine Geschwindigkeit von 3 Metern pro Stunde.<\/em><\/p>\n","protected":false},"excerpt":{"rendered":"<p>Voller Schwung und Energie starteten die Waldkinder nach den Pfingstferien in den fr\u00fchsommerlichen Wald. Endlich k\u00f6nnen sie wieder mit ihren Freunden nach Herzenslust in der freien Natur klettern, spielen, tollen und toben. Viel Spa\u00df macht es auch St\u00f6ckchen zu sammeln, um daraus Fl\u00f6ten zu schnitzen! Seit einer Weile gibt es wieder viele Schnecken im Wald.&hellip; <a href=\"https:\/\/waldkindergarten-berglen.de\/?p=1653\" class=\"more-link\">Weiterlesen <span class=\"screen-reader-text\">Wer wohnt denn da im Schneckenhaus?<\/span><\/a><\/p>\n","protected":false},"author":1,"featured_media":0,"comment_status":"closed","ping_status":"closed","sticky":false,"template":"","format":"standard","meta":{"ngg_post_thumbnail":0,"_jetpack_memberships_contains_paid_content":false,"footnotes":""},"categories":[3],"tags":[],"class_list":["post-1653","post","type-post","status-publish","format-standard","hentry","category-berichte"],"jetpack_featured_media_url":"","jetpack_sharing_enabled":true,"_links":{"self":[{"href":"https:\/\/waldkindergarten-berglen.de\/index.php?rest_route=\/wp\/v2\/posts\/1653","targetHints":{"allow":["GET"]}}],"collection":[{"href":"https:\/\/waldkindergarten-berglen.de\/index.php?rest_route=\/wp\/v2\/posts"}],"about":[{"href":"https:\/\/waldkindergarten-berglen.de\/index.php?rest_route=\/wp\/v2\/types\/post"}],"author":[{"embeddable":true,"href":"https:\/\/waldkindergarten-berglen.de\/index.php?rest_route=\/wp\/v2\/users\/1"}],"replies":[{"embeddable":true,"href":"https:\/\/waldkindergarten-berglen.de\/index.php?rest_route=%2Fwp%2Fv2%2Fcomments&post=1653"}],"version-history":[{"count":0,"href":"https:\/\/waldkindergarten-berglen.de\/index.php?rest_route=\/wp\/v2\/posts\/1653\/revisions"}],"wp:attachment":[{"href":"https:\/\/waldkindergarten-berglen.de\/index.php?rest_route=%2Fwp%2Fv2%2Fmedia&parent=1653"}],"wp:term":[{"taxonomy":"category","embeddable":true,"href":"https:\/\/waldkindergarten-berglen.de\/index.php?rest_route=%2Fwp%2Fv2%2Fcategories&post=1653"},{"taxonomy":"post_tag","embeddable":true,"href":"https:\/\/waldkindergarten-berglen.de\/index.php?rest_route=%2Fwp%2Fv2%2Ftags&post=1653"}],"curies":[{"name":"wp","href":"https:\/\/api.w.org\/{rel}","templated":true}]}}