{"id":1659,"date":"2016-06-06T14:00:15","date_gmt":"2016-06-06T12:00:15","guid":{"rendered":"http:\/\/waldkindergarten-berglen.de\/?p=1659"},"modified":"2016-06-06T14:00:15","modified_gmt":"2016-06-06T12:00:15","slug":"neues-aus-der-waldspielgruppe-21","status":"publish","type":"post","link":"https:\/\/waldkindergarten-berglen.de\/?p=1659","title":{"rendered":"Neues aus der Waldspielgruppe"},"content":{"rendered":"<p>\u00abGl\u00fcck\u00bb k\u00f6nnte die \u00dcberschrift \u00fcber diesem Vormittag am 1. Juni 16 lauten: Gl\u00fcck mit dem Wetter, (denn es regnete erst am Nachmittag), Gl\u00fcck in den Augen der 2-J\u00e4hrigen, Gl\u00fccksmomente f\u00fcr die M\u00fctter&#8230;<\/p>\n<p>Zu unserem Thema \u00abRaupe und Schmetterling\u00bb betrachteten wir Bilder, schauten gemeinsam Kinderb\u00fccher an und sangen Lieder. Die kleinen 2-J\u00e4hrigen bewiesen erstaunliche Disziplin im Warten und Sich-zur\u00fcckhalten, so dass jeder in Ruhe schauen konnte.<\/p>\n<p>Wieder einmal durften wir erleben, wie einfach es ist, Kinder gl\u00fccklich zu machen: Man gehe mit ihnen in den Wald: Da gibt es riesige St\u00f6cke, Baumstumpfkocht\u00f6pfe mit R\u00fchrl\u00f6ffeln, Rutschen, gro\u00dfe Pf\u00fctzen, Bl\u00e4tterhaufen zum Schaufeln und Schaffen, und vieles mehr, was die Kinderaugen zum Leuchten bringt. Wir Gro\u00dfen wurden von den Kleinen mit allem Stolz und aller Freude mit Kuchen und Kaffee versorgt, die sie im Wald f\u00fcr uns gekocht hatten. Ein selbstgebastelter Schmetterling zum Mitheimnehmen machte den Vormittag perfekt.<\/p>\n<p>Ulrike Mischkolin, Waldspielgruppe<\/p>\n","protected":false},"excerpt":{"rendered":"<p>\u00abGl\u00fcck\u00bb k\u00f6nnte die \u00dcberschrift \u00fcber diesem Vormittag am 1. Juni 16 lauten: Gl\u00fcck mit dem Wetter, (denn es regnete erst am Nachmittag), Gl\u00fcck in den Augen der 2-J\u00e4hrigen, Gl\u00fccksmomente f\u00fcr die M\u00fctter&#8230; Zu unserem Thema \u00abRaupe und Schmetterling\u00bb betrachteten wir Bilder, schauten gemeinsam Kinderb\u00fccher an und sangen Lieder. Die kleinen 2-J\u00e4hrigen bewiesen erstaunliche Disziplin im&hellip; <a href=\"https:\/\/waldkindergarten-berglen.de\/?p=1659\" class=\"more-link\">Weiterlesen <span class=\"screen-reader-text\">Neues aus der Waldspielgruppe<\/span><\/a><\/p>\n","protected":false},"author":1,"featured_media":0,"comment_status":"closed","ping_status":"closed","sticky":false,"template":"","format":"standard","meta":{"ngg_post_thumbnail":0,"_jetpack_memberships_contains_paid_content":false,"footnotes":""},"categories":[11],"tags":[],"class_list":["post-1659","post","type-post","status-publish","format-standard","hentry","category-waldspielgruppenberichte-bis-2017"],"jetpack_featured_media_url":"","jetpack_sharing_enabled":true,"_links":{"self":[{"href":"https:\/\/waldkindergarten-berglen.de\/index.php?rest_route=\/wp\/v2\/posts\/1659","targetHints":{"allow":["GET"]}}],"collection":[{"href":"https:\/\/waldkindergarten-berglen.de\/index.php?rest_route=\/wp\/v2\/posts"}],"about":[{"href":"https:\/\/waldkindergarten-berglen.de\/index.php?rest_route=\/wp\/v2\/types\/post"}],"author":[{"embeddable":true,"href":"https:\/\/waldkindergarten-berglen.de\/index.php?rest_route=\/wp\/v2\/users\/1"}],"replies":[{"embeddable":true,"href":"https:\/\/waldkindergarten-berglen.de\/index.php?rest_route=%2Fwp%2Fv2%2Fcomments&post=1659"}],"version-history":[{"count":0,"href":"https:\/\/waldkindergarten-berglen.de\/index.php?rest_route=\/wp\/v2\/posts\/1659\/revisions"}],"wp:attachment":[{"href":"https:\/\/waldkindergarten-berglen.de\/index.php?rest_route=%2Fwp%2Fv2%2Fmedia&parent=1659"}],"wp:term":[{"taxonomy":"category","embeddable":true,"href":"https:\/\/waldkindergarten-berglen.de\/index.php?rest_route=%2Fwp%2Fv2%2Fcategories&post=1659"},{"taxonomy":"post_tag","embeddable":true,"href":"https:\/\/waldkindergarten-berglen.de\/index.php?rest_route=%2Fwp%2Fv2%2Ftags&post=1659"}],"curies":[{"name":"wp","href":"https:\/\/api.w.org\/{rel}","templated":true}]}}