{"id":1661,"date":"2016-05-23T15:42:12","date_gmt":"2016-05-23T15:42:12","guid":{"rendered":"http:\/\/waldkindergarten-berglen.de\/?p=1661"},"modified":"2016-05-23T15:42:12","modified_gmt":"2016-05-23T15:42:12","slug":"unsere-baeumchen-wachsen","status":"publish","type":"post","link":"https:\/\/waldkindergarten-berglen.de\/?p=1661","title":{"rendered":"Unsere B\u00e4umchen wachsen"},"content":{"rendered":"<p>Nun ist es fast ein Jahr her, dass die Waldkindergartenkinder mit Hilfe von Herrn F\u00f6rster Grass im Wald einige junge B\u00e4umchen angepflanzt haben.<\/p>\n<p>Jeder Baum dieser \u00abB\u00e4ume der Erinnerung\u00bb steht f\u00fcr einen Monat und die Kinder, die in diesem Monat Geburtstag haben, d\u00fcrfen an \u00abihrem\u00bb Geburtstagsbaum ein Holzschild mit ihrem Namen anbringen.<\/p>\n<figure id=\"attachment_1663\" aria-describedby=\"caption-attachment-1663\" style=\"width: 225px\" class=\"wp-caption alignnone\"><img loading=\"lazy\" decoding=\"async\" class=\"size-medium wp-image-1663\" src=\"http:\/\/waldkindergarten-berglen.de\/wp-content\/uploads\/2016\/06\/MeinBaum-1-225x300.jpg\" alt=\"Mein Baum!\" width=\"225\" height=\"300\" srcset=\"https:\/\/waldkindergarten-berglen.de\/wp-content\/uploads\/2016\/06\/MeinBaum-1-225x300.jpg 225w, https:\/\/waldkindergarten-berglen.de\/wp-content\/uploads\/2016\/06\/MeinBaum-1.jpg 460w\" sizes=\"auto, (max-width: 225px) 100vw, 225px\" \/><figcaption id=\"caption-attachment-1663\" class=\"wp-caption-text\">Mein Baum!<\/figcaption><\/figure>\n<p>Zus\u00e4tzlich erhalten sie eine gerahmte Geburtstagskarte f\u00fcr zuhause, auf dem auch die Baumart ihres Geburtstagsbaumes steht.<\/p>\n<figure id=\"attachment_1662\" aria-describedby=\"caption-attachment-1662\" style=\"width: 225px\" class=\"wp-caption alignnone\"><img loading=\"lazy\" decoding=\"async\" class=\"size-medium wp-image-1662\" src=\"http:\/\/waldkindergarten-berglen.de\/wp-content\/uploads\/2016\/06\/Eine_besondere_Geburtstagskarte-1-225x300.jpg\" alt=\"Eine besondere Geburtstagskarte!\" width=\"225\" height=\"300\" srcset=\"https:\/\/waldkindergarten-berglen.de\/wp-content\/uploads\/2016\/06\/Eine_besondere_Geburtstagskarte-1-225x300.jpg 225w, https:\/\/waldkindergarten-berglen.de\/wp-content\/uploads\/2016\/06\/Eine_besondere_Geburtstagskarte-1.jpg 460w\" sizes=\"auto, (max-width: 225px) 100vw, 225px\" \/><figcaption id=\"caption-attachment-1662\" class=\"wp-caption-text\">Eine besondere Geburtstagskarte!<\/figcaption><\/figure>\n<p>Mittlerweile sind die kleinen B\u00e4umchen sehr sch\u00f6n angewachsen und einige sind schon ganz sch\u00f6n hoch. Die Kinder freuen sich immer, wenn sie zu diesem Platz kommen und \u00abihren\u00bb Baum entdecken.<\/p>\n<p>Sicherlich wird das eine oder andere Waldkind seinen Baum auch nach der Kindergartenzeit immer wieder besuchen. Wie gro\u00df mag er dann wohl sein?<\/p>\n<p><em>Wussten Sie schon?<br \/>\nDass eine Waldameisenarbeiterin etwa das 40-fache ihres Eigengewichtes tragen kann?<\/em><\/p>\n","protected":false},"excerpt":{"rendered":"<p>Nun ist es fast ein Jahr her, dass die Waldkindergartenkinder mit Hilfe von Herrn F\u00f6rster Grass im Wald einige junge B\u00e4umchen angepflanzt haben. Jeder Baum dieser \u00abB\u00e4ume der Erinnerung\u00bb steht f\u00fcr einen Monat und die Kinder, die in diesem Monat Geburtstag haben, d\u00fcrfen an \u00abihrem\u00bb Geburtstagsbaum ein Holzschild mit ihrem Namen anbringen. Zus\u00e4tzlich erhalten sie&hellip; <a href=\"https:\/\/waldkindergarten-berglen.de\/?p=1661\" class=\"more-link\">Weiterlesen <span class=\"screen-reader-text\">Unsere B\u00e4umchen wachsen<\/span><\/a><\/p>\n","protected":false},"author":1,"featured_media":0,"comment_status":"closed","ping_status":"closed","sticky":false,"template":"","format":"standard","meta":{"ngg_post_thumbnail":0,"_jetpack_memberships_contains_paid_content":false,"footnotes":""},"categories":[3],"tags":[],"class_list":["post-1661","post","type-post","status-publish","format-standard","hentry","category-berichte"],"jetpack_featured_media_url":"","jetpack_sharing_enabled":true,"_links":{"self":[{"href":"https:\/\/waldkindergarten-berglen.de\/index.php?rest_route=\/wp\/v2\/posts\/1661","targetHints":{"allow":["GET"]}}],"collection":[{"href":"https:\/\/waldkindergarten-berglen.de\/index.php?rest_route=\/wp\/v2\/posts"}],"about":[{"href":"https:\/\/waldkindergarten-berglen.de\/index.php?rest_route=\/wp\/v2\/types\/post"}],"author":[{"embeddable":true,"href":"https:\/\/waldkindergarten-berglen.de\/index.php?rest_route=\/wp\/v2\/users\/1"}],"replies":[{"embeddable":true,"href":"https:\/\/waldkindergarten-berglen.de\/index.php?rest_route=%2Fwp%2Fv2%2Fcomments&post=1661"}],"version-history":[{"count":0,"href":"https:\/\/waldkindergarten-berglen.de\/index.php?rest_route=\/wp\/v2\/posts\/1661\/revisions"}],"wp:attachment":[{"href":"https:\/\/waldkindergarten-berglen.de\/index.php?rest_route=%2Fwp%2Fv2%2Fmedia&parent=1661"}],"wp:term":[{"taxonomy":"category","embeddable":true,"href":"https:\/\/waldkindergarten-berglen.de\/index.php?rest_route=%2Fwp%2Fv2%2Fcategories&post=1661"},{"taxonomy":"post_tag","embeddable":true,"href":"https:\/\/waldkindergarten-berglen.de\/index.php?rest_route=%2Fwp%2Fv2%2Ftags&post=1661"}],"curies":[{"name":"wp","href":"https:\/\/api.w.org\/{rel}","templated":true}]}}