{"id":1734,"date":"2016-07-18T08:00:42","date_gmt":"2016-07-18T06:00:42","guid":{"rendered":"http:\/\/waldkindergarten-berglen.de\/?p=1734"},"modified":"2016-07-18T08:00:42","modified_gmt":"2016-07-18T06:00:42","slug":"neues-aus-der-waldspielgruppe-25","status":"publish","type":"post","link":"https:\/\/waldkindergarten-berglen.de\/?p=1734","title":{"rendered":"Neues aus der Waldspielgruppe"},"content":{"rendered":"<p>Wald und Wiesen wirkten nach den n\u00e4chtlichen Regeng\u00fcssen wie frisch abgesp\u00fclt, als wir uns am 13.07.16 trafen.<\/p>\n<p>Und es sollten weitere G\u00fcsse folgen.<\/p>\n<p>Bei Sonnenschein begannen wir unsere Begr\u00fc\u00dfungsrunde und das neue Thema \u00abDas bin ich \u2013 das kann ich schon!\u00bb. Mit Liedern besangen wir verschiedene Namen, K\u00f6rperteile und verschiedene F\u00e4higkeiten.<\/p>\n<p>Das beliebteste Kinderlied f\u00fcr 2 J\u00e4hrige ist dabei seit 11 Jahren \u00abMeine H\u00e4nde sind verschwunden\u00bb. Das Sch\u00f6nste ist dabei immer, wenn wir singen \u00abDie Kinder sind verschwunden\u00bb und dann beobachten, wie die Kleinen verschwinden, indem sie sich die Augen zuhalten oder sich umdrehen. Und wie wir uns alle freuen, wenn sie dann wieder da sind!<\/p>\n<p>Um Werkmaterial zum Bau von kleinen Salzteigm\u00e4nnchen zu holen, gingen wir in den Wald.<\/p>\n<p>Bei einsetzendem Regen waren wir punktgenau in der H\u00fctte zum Vespern.<\/p>\n<figure id=\"attachment_1735\" aria-describedby=\"caption-attachment-1735\" style=\"width: 300px\" class=\"wp-caption alignnone\"><img loading=\"lazy\" decoding=\"async\" class=\"size-medium wp-image-1735\" src=\"http:\/\/waldkindergarten-berglen.de\/wp-content\/uploads\/2016\/07\/MamaGuckSoGehtDas-1-300x225.jpg\" alt=\"Mama guck so geht das!\" width=\"300\" height=\"225\" srcset=\"https:\/\/waldkindergarten-berglen.de\/wp-content\/uploads\/2016\/07\/MamaGuckSoGehtDas-1-300x225.jpg 300w, https:\/\/waldkindergarten-berglen.de\/wp-content\/uploads\/2016\/07\/MamaGuckSoGehtDas-1-768x576.jpg 768w, https:\/\/waldkindergarten-berglen.de\/wp-content\/uploads\/2016\/07\/MamaGuckSoGehtDas-1.jpg 1024w\" sizes=\"auto, (max-width: 300px) 100vw, 300px\" \/><figcaption id=\"caption-attachment-1735\" class=\"wp-caption-text\">Mama guck so geht das!<\/figcaption><\/figure>\n<p>Bei Sonnenschein bauten wir dann drau\u00dfen die M\u00e4nnchen,<\/p>\n<figure id=\"attachment_1736\" aria-describedby=\"caption-attachment-1736\" style=\"width: 300px\" class=\"wp-caption alignnone\"><img loading=\"lazy\" decoding=\"async\" class=\"size-medium wp-image-1736\" src=\"http:\/\/waldkindergarten-berglen.de\/wp-content\/uploads\/2016\/07\/EineGruppeSalzteigmaenchen-1-300x227.jpg\" alt=\"Eine Gruppe Salzteigm\u00e4nnchen!\" width=\"300\" height=\"227\" srcset=\"https:\/\/waldkindergarten-berglen.de\/wp-content\/uploads\/2016\/07\/EineGruppeSalzteigmaenchen-1-300x227.jpg 300w, https:\/\/waldkindergarten-berglen.de\/wp-content\/uploads\/2016\/07\/EineGruppeSalzteigmaenchen-1-768x581.jpg 768w, https:\/\/waldkindergarten-berglen.de\/wp-content\/uploads\/2016\/07\/EineGruppeSalzteigmaenchen-1.jpg 1015w\" sizes=\"auto, (max-width: 300px) 100vw, 300px\" \/><figcaption id=\"caption-attachment-1736\" class=\"wp-caption-text\">Eine Gruppe Salzteigm\u00e4nnchen!<\/figcaption><\/figure>\n<p>bevor p\u00fcnktlich zum Schluss dann erneut der Regen einsetzte.<\/p>\n","protected":false},"excerpt":{"rendered":"<p>Wald und Wiesen wirkten nach den n\u00e4chtlichen Regeng\u00fcssen wie frisch abgesp\u00fclt, als wir uns am 13.07.16 trafen. Und es sollten weitere G\u00fcsse folgen. Bei Sonnenschein begannen wir unsere Begr\u00fc\u00dfungsrunde und das neue Thema \u00abDas bin ich \u2013 das kann ich schon!\u00bb. Mit Liedern besangen wir verschiedene Namen, K\u00f6rperteile und verschiedene F\u00e4higkeiten. Das beliebteste Kinderlied f\u00fcr&hellip; <a href=\"https:\/\/waldkindergarten-berglen.de\/?p=1734\" class=\"more-link\">Weiterlesen <span class=\"screen-reader-text\">Neues aus der Waldspielgruppe<\/span><\/a><\/p>\n","protected":false},"author":1,"featured_media":0,"comment_status":"closed","ping_status":"closed","sticky":false,"template":"","format":"standard","meta":{"ngg_post_thumbnail":0,"_jetpack_memberships_contains_paid_content":false,"footnotes":""},"categories":[11],"tags":[],"class_list":["post-1734","post","type-post","status-publish","format-standard","hentry","category-waldspielgruppenberichte-bis-2017"],"jetpack_featured_media_url":"","jetpack_sharing_enabled":true,"_links":{"self":[{"href":"https:\/\/waldkindergarten-berglen.de\/index.php?rest_route=\/wp\/v2\/posts\/1734","targetHints":{"allow":["GET"]}}],"collection":[{"href":"https:\/\/waldkindergarten-berglen.de\/index.php?rest_route=\/wp\/v2\/posts"}],"about":[{"href":"https:\/\/waldkindergarten-berglen.de\/index.php?rest_route=\/wp\/v2\/types\/post"}],"author":[{"embeddable":true,"href":"https:\/\/waldkindergarten-berglen.de\/index.php?rest_route=\/wp\/v2\/users\/1"}],"replies":[{"embeddable":true,"href":"https:\/\/waldkindergarten-berglen.de\/index.php?rest_route=%2Fwp%2Fv2%2Fcomments&post=1734"}],"version-history":[{"count":0,"href":"https:\/\/waldkindergarten-berglen.de\/index.php?rest_route=\/wp\/v2\/posts\/1734\/revisions"}],"wp:attachment":[{"href":"https:\/\/waldkindergarten-berglen.de\/index.php?rest_route=%2Fwp%2Fv2%2Fmedia&parent=1734"}],"wp:term":[{"taxonomy":"category","embeddable":true,"href":"https:\/\/waldkindergarten-berglen.de\/index.php?rest_route=%2Fwp%2Fv2%2Fcategories&post=1734"},{"taxonomy":"post_tag","embeddable":true,"href":"https:\/\/waldkindergarten-berglen.de\/index.php?rest_route=%2Fwp%2Fv2%2Ftags&post=1734"}],"curies":[{"name":"wp","href":"https:\/\/api.w.org\/{rel}","templated":true}]}}