{"id":1750,"date":"2016-07-25T08:01:27","date_gmt":"2016-07-25T08:01:27","guid":{"rendered":"http:\/\/waldkindergarten-berglen.de\/?p=1750"},"modified":"2016-07-25T08:01:27","modified_gmt":"2016-07-25T08:01:27","slug":"es-wird-zeit-fuer-den-abschied","status":"publish","type":"post","link":"https:\/\/waldkindergarten-berglen.de\/?p=1750","title":{"rendered":"Es wird Zeit f\u00fcr den Abschied"},"content":{"rendered":"<p>Drei Jahre lang waren sie in unserem (ihrem) Waldkindergarten zuhause.<\/p>\n<p>Sie haben gespielt, gelacht, experimentiert, entdeckt. Packten gemeinsam an, lernten Regeln und Grenzen einhalten, erfuhren Naturgesetze mit allen Sinnen, verinnerlichten die Ruhe, lernten still und aufmerksam zu sein, nutzten das reichhaltige Angebot der Natur um ihre Fein- und Grobmotorik, sowie den Gleichgewichtssinn und das Immunsystem zu trainieren und dabei stets R\u00fccksicht auf Pflanzen, Mensch und Tier zu nehmen<\/p>\n<p>&#8211; unsere Vorsch\u00fcler, die F\u00fcchse!<\/p>\n<p>Nun wollen sie mehr lernen und erfahren.<br \/>\nDeshalb freuen sie sich schon sehr auf die Schule!<br \/>\nDennoch ist es ein Abschied!<br \/>\nUnd so waren einige von ihnen in den letzten Tagen besonders nachdenklich, suchten mehr als sonst den innigen Kontakt zu ihren Erzieherinnen und Drittkr\u00e4ften, wollten unbedingt noch einmal alle Waldpl\u00e4tze besuchen, um diese (oft ganz zur\u00fcckgezogen) ein letztes Mal ganz bewusst zu genie\u00dfen oder waren n\u00e4her am Wasser gebaut als sonst.<br \/>\nAuch die Erzieherinnen und Drittkr\u00e4fte bereiteten sich auf den Abschied vor, indem sie die letzten Tage mit ihren \u201eGro\u00dfen\u201c noch einmal ausgiebig genossen .<\/p>\n<p>Bei der r\u00fchrenden Abschiedsfeier f\u00fchrten die Erzieherinnen ein wundersch\u00f6nes Puppentheater vor, in dessen Handlung es um eine gestohlene Schult\u00fcte geht.<\/p>\n<figure id=\"attachment_1753\" aria-describedby=\"caption-attachment-1753\" style=\"width: 300px\" class=\"wp-caption alignnone\"><img loading=\"lazy\" decoding=\"async\" class=\"size-medium wp-image-1753\" src=\"http:\/\/waldkindergarten-berglen.de\/wp-content\/uploads\/2016\/07\/PuppentheaterZurVerabschiedung-1-300x225.jpg\" alt=\"Puppentheater zur Verabschiedung!\" width=\"300\" height=\"225\" srcset=\"https:\/\/waldkindergarten-berglen.de\/wp-content\/uploads\/2016\/07\/PuppentheaterZurVerabschiedung-1-300x225.jpg 300w, https:\/\/waldkindergarten-berglen.de\/wp-content\/uploads\/2016\/07\/PuppentheaterZurVerabschiedung-1-768x576.jpg 768w, https:\/\/waldkindergarten-berglen.de\/wp-content\/uploads\/2016\/07\/PuppentheaterZurVerabschiedung-1.jpg 1024w\" sizes=\"auto, (max-width: 300px) 100vw, 300px\" \/><figcaption id=\"caption-attachment-1753\" class=\"wp-caption-text\">Puppentheater zur Verabschiedung!<\/figcaption><\/figure>\n<p>Danach wurde jedem Fuchs feierlich seine reichlich gef\u00fcllte, selbst gebastelte Schult\u00fcte \u00fcberreicht.<\/p>\n<figure id=\"attachment_1754\" aria-describedby=\"caption-attachment-1754\" style=\"width: 300px\" class=\"wp-caption alignnone\"><img loading=\"lazy\" decoding=\"async\" class=\"size-medium wp-image-1754\" src=\"http:\/\/waldkindergarten-berglen.de\/wp-content\/uploads\/2016\/07\/UnsereStolzenVorschuelerMitIhrerSchultuete-1-300x225.jpg\" alt=\"Unsere stolzen Vorsch\u00fcler mit ihrer Schult\u00fcte!\" width=\"300\" height=\"225\" srcset=\"https:\/\/waldkindergarten-berglen.de\/wp-content\/uploads\/2016\/07\/UnsereStolzenVorschuelerMitIhrerSchultuete-1-300x225.jpg 300w, https:\/\/waldkindergarten-berglen.de\/wp-content\/uploads\/2016\/07\/UnsereStolzenVorschuelerMitIhrerSchultuete-1-768x576.jpg 768w, https:\/\/waldkindergarten-berglen.de\/wp-content\/uploads\/2016\/07\/UnsereStolzenVorschuelerMitIhrerSchultuete-1.jpg 1024w\" sizes=\"auto, (max-width: 300px) 100vw, 300px\" \/><figcaption id=\"caption-attachment-1754\" class=\"wp-caption-text\">Unsere stolzen Vorsch\u00fcler mit ihrer Schult\u00fcte!<\/figcaption><\/figure>\n<p>Doch so voll die Schult\u00fcten auch waren, wir sind uns sicher, dass Ihr den gr\u00f6\u00dften Waldschatz in Euren Herzen und Seelen mit in Euer weiteres Leben nehmt. Passt gut darauf auf und bewahrt ihn gut!<\/p>\n<p>Nun w\u00fcnschen wir Euch allen, liebe Elisa, lieber Jonas, Josua, Balduin, Vincent, Jakob, Justus und Raphael einen wundersch\u00f6nen Schulstart und viel Spa\u00df am Weiterlernen.<\/p>\n<p>Euch Marlena und Leander w\u00fcnschen wir einen guten Neustart, mit tollen, neuen Freunden und viel Freude in Eurem neuen Kindergarten.<br \/>\nMacht\u00b4s gut! Und besucht uns doch mal!<\/p>\n<p><em>Wussten Sie schon?<\/em><br \/>\n<em>Dass Laubb\u00e4ume saubereres Wasser produzieren als Nadelb\u00e4ume?<\/em><\/p>\n","protected":false},"excerpt":{"rendered":"<p>Drei Jahre lang waren sie in unserem (ihrem) Waldkindergarten zuhause. Sie haben gespielt, gelacht, experimentiert, entdeckt. Packten gemeinsam an, lernten Regeln und Grenzen einhalten, erfuhren Naturgesetze mit allen Sinnen, verinnerlichten die Ruhe, lernten still und aufmerksam zu sein, nutzten das reichhaltige Angebot der Natur um ihre Fein- und Grobmotorik, sowie den Gleichgewichtssinn und das Immunsystem&hellip; <a href=\"https:\/\/waldkindergarten-berglen.de\/?p=1750\" class=\"more-link\">Weiterlesen <span class=\"screen-reader-text\">Es wird Zeit f\u00fcr den Abschied<\/span><\/a><\/p>\n","protected":false},"author":1,"featured_media":0,"comment_status":"closed","ping_status":"closed","sticky":false,"template":"","format":"standard","meta":{"ngg_post_thumbnail":0,"_jetpack_memberships_contains_paid_content":false,"footnotes":""},"categories":[3],"tags":[],"class_list":["post-1750","post","type-post","status-publish","format-standard","hentry","category-berichte"],"jetpack_featured_media_url":"","jetpack_sharing_enabled":true,"_links":{"self":[{"href":"https:\/\/waldkindergarten-berglen.de\/index.php?rest_route=\/wp\/v2\/posts\/1750","targetHints":{"allow":["GET"]}}],"collection":[{"href":"https:\/\/waldkindergarten-berglen.de\/index.php?rest_route=\/wp\/v2\/posts"}],"about":[{"href":"https:\/\/waldkindergarten-berglen.de\/index.php?rest_route=\/wp\/v2\/types\/post"}],"author":[{"embeddable":true,"href":"https:\/\/waldkindergarten-berglen.de\/index.php?rest_route=\/wp\/v2\/users\/1"}],"replies":[{"embeddable":true,"href":"https:\/\/waldkindergarten-berglen.de\/index.php?rest_route=%2Fwp%2Fv2%2Fcomments&post=1750"}],"version-history":[{"count":0,"href":"https:\/\/waldkindergarten-berglen.de\/index.php?rest_route=\/wp\/v2\/posts\/1750\/revisions"}],"wp:attachment":[{"href":"https:\/\/waldkindergarten-berglen.de\/index.php?rest_route=%2Fwp%2Fv2%2Fmedia&parent=1750"}],"wp:term":[{"taxonomy":"category","embeddable":true,"href":"https:\/\/waldkindergarten-berglen.de\/index.php?rest_route=%2Fwp%2Fv2%2Fcategories&post=1750"},{"taxonomy":"post_tag","embeddable":true,"href":"https:\/\/waldkindergarten-berglen.de\/index.php?rest_route=%2Fwp%2Fv2%2Ftags&post=1750"}],"curies":[{"name":"wp","href":"https:\/\/api.w.org\/{rel}","templated":true}]}}