{"id":1787,"date":"2016-08-01T08:00:52","date_gmt":"2016-08-01T06:00:52","guid":{"rendered":"http:\/\/waldkindergarten-berglen.de\/?p=1787"},"modified":"2016-08-01T08:00:52","modified_gmt":"2016-08-01T06:00:52","slug":"die-waldspielgruppe-geht-in-die-sommerpause-3","status":"publish","type":"post","link":"https:\/\/waldkindergarten-berglen.de\/?p=1787","title":{"rendered":"Die Waldspielgruppe geht in die Sommerpause"},"content":{"rendered":"<p>Bei herrlichem Sommerwetter feierten wir unseren Abschluss am 27.07.2016.<\/p>\n<p>F\u00fcr 8 Kinder und ihre M\u00fctter bedeutete dies einen Abschied von den gemeinsam verbrachten Vormittagen im Wald mit Singen, Bewegen, Verweilen, Miteinander im Gespr\u00e4ch sein und Spielen.<\/p>\n<p>Wir sammelten viele St\u00f6cke und \u00c4ste, was ja die Spezialit\u00e4t der Kinder ist, und machten daraus ein sch\u00f6nes Grillfeuer f\u00fcr unsere Grillw\u00fcrste.<\/p>\n<p>Dazu gab es ein leckeres Beilagenbuffett.<\/p>\n<p>Unsere Hocketse war so gem\u00fctlich und sch\u00f6n, dass ich das vorbereitete Basteln ganz verga\u00df.<\/p>\n<p>Viel zu schnell verging dieser sch\u00f6ne Vormittag.<\/p>\n<p>F\u00fcr die liebevollen Geschenke bedanke ich mich sehr herzlich!<\/p>\n<p>Ich w\u00fcnsche allen Kindern einen guten Start in die neue Kindergartenphase und ein gutes Loslassen den M\u00fcttern.<\/p>\n","protected":false},"excerpt":{"rendered":"<p>Bei herrlichem Sommerwetter feierten wir unseren Abschluss am 27.07.2016. F\u00fcr 8 Kinder und ihre M\u00fctter bedeutete dies einen Abschied von den gemeinsam verbrachten Vormittagen im Wald mit Singen, Bewegen, Verweilen, Miteinander im Gespr\u00e4ch sein und Spielen. Wir sammelten viele St\u00f6cke und \u00c4ste, was ja die Spezialit\u00e4t der Kinder ist, und machten daraus ein sch\u00f6nes Grillfeuer&hellip; <a href=\"https:\/\/waldkindergarten-berglen.de\/?p=1787\" class=\"more-link\">Weiterlesen <span class=\"screen-reader-text\">Die Waldspielgruppe geht in die Sommerpause<\/span><\/a><\/p>\n","protected":false},"author":1,"featured_media":0,"comment_status":"closed","ping_status":"closed","sticky":false,"template":"","format":"standard","meta":{"ngg_post_thumbnail":0,"_jetpack_memberships_contains_paid_content":false,"footnotes":""},"categories":[11],"tags":[],"class_list":["post-1787","post","type-post","status-publish","format-standard","hentry","category-waldspielgruppenberichte-bis-2017"],"jetpack_featured_media_url":"","jetpack_sharing_enabled":true,"_links":{"self":[{"href":"https:\/\/waldkindergarten-berglen.de\/index.php?rest_route=\/wp\/v2\/posts\/1787","targetHints":{"allow":["GET"]}}],"collection":[{"href":"https:\/\/waldkindergarten-berglen.de\/index.php?rest_route=\/wp\/v2\/posts"}],"about":[{"href":"https:\/\/waldkindergarten-berglen.de\/index.php?rest_route=\/wp\/v2\/types\/post"}],"author":[{"embeddable":true,"href":"https:\/\/waldkindergarten-berglen.de\/index.php?rest_route=\/wp\/v2\/users\/1"}],"replies":[{"embeddable":true,"href":"https:\/\/waldkindergarten-berglen.de\/index.php?rest_route=%2Fwp%2Fv2%2Fcomments&post=1787"}],"version-history":[{"count":0,"href":"https:\/\/waldkindergarten-berglen.de\/index.php?rest_route=\/wp\/v2\/posts\/1787\/revisions"}],"wp:attachment":[{"href":"https:\/\/waldkindergarten-berglen.de\/index.php?rest_route=%2Fwp%2Fv2%2Fmedia&parent=1787"}],"wp:term":[{"taxonomy":"category","embeddable":true,"href":"https:\/\/waldkindergarten-berglen.de\/index.php?rest_route=%2Fwp%2Fv2%2Fcategories&post=1787"},{"taxonomy":"post_tag","embeddable":true,"href":"https:\/\/waldkindergarten-berglen.de\/index.php?rest_route=%2Fwp%2Fv2%2Ftags&post=1787"}],"curies":[{"name":"wp","href":"https:\/\/api.w.org\/{rel}","templated":true}]}}