{"id":1826,"date":"2016-10-04T08:00:50","date_gmt":"2016-10-04T06:00:50","guid":{"rendered":"http:\/\/waldkindergarten-berglen.de\/?p=1826"},"modified":"2016-10-04T08:00:50","modified_gmt":"2016-10-04T06:00:50","slug":"neues-aus-der-waldspielgruppe-28","status":"publish","type":"post","link":"https:\/\/waldkindergarten-berglen.de\/?p=1826","title":{"rendered":"Neues aus der Waldspielgruppe"},"content":{"rendered":"<p>Am 28.09.16 erlebten wir einen stimmungsvollen Sp\u00e4tsommermorgen mit Nebel, Tau und Sonne.<\/p>\n<p>Es lag aber auch eine merkw\u00fcrdige Schnullerstimmung in der Luft: Die 2 J\u00e4hrigen konnten sich kaum von ihrem Schnulli trennen.<\/p>\n<p>Erst als wir im Wald mit St\u00f6cken und Bl\u00e4ttersammelgut hantierten, kamen die Kleinen ohne Schnulli aus.<\/p>\n<p>Nach einigen passenden Bewegungsliedern zum Thema \u201cBl\u00e4tter\u201d sammelten wir im Wald Bl\u00e4tter mit ausgepr\u00e4gter Struktur.<br \/>\nNach ausgiebigem Vesper rieben wir mit Wachsmalbl\u00f6cken die Bl\u00e4tter durch d\u00fcnnes Papier hindurch auf die Oberseite des Papiers. Das ergab wundersch\u00f6n bunte Blattstrukturen auf dem Papier.<\/p>\n<figure id=\"attachment_1823\" aria-describedby=\"caption-attachment-1823\" style=\"width: 225px\" class=\"wp-caption alignnone\"><img loading=\"lazy\" decoding=\"async\" class=\"size-medium wp-image-1823\" src=\"http:\/\/waldkindergarten-berglen.de\/wp-content\/uploads\/2016\/10\/MamaGuckIchHabeEinBlattGemalt-1-225x300.jpg\" alt=\"Mama guck ich habe ein Blatt gemalt!\" width=\"225\" height=\"300\" srcset=\"https:\/\/waldkindergarten-berglen.de\/wp-content\/uploads\/2016\/10\/MamaGuckIchHabeEinBlattGemalt-1-225x300.jpg 225w, https:\/\/waldkindergarten-berglen.de\/wp-content\/uploads\/2016\/10\/MamaGuckIchHabeEinBlattGemalt-1.jpg 576w\" sizes=\"auto, (max-width: 225px) 100vw, 225px\" \/><figcaption id=\"caption-attachment-1823\" class=\"wp-caption-text\">Mama guck ich habe ein Blatt gemalt!<\/figcaption><\/figure>\n<p>Es blieb noch kurze Zeit \u00fcbrig f\u00fcrs Freispiel, bevor wir die Kleinen in den wohlverdienten Mittagschlaf entlie\u00dfen.<\/p>\n","protected":false},"excerpt":{"rendered":"<p>Am 28.09.16 erlebten wir einen stimmungsvollen Sp\u00e4tsommermorgen mit Nebel, Tau und Sonne. Es lag aber auch eine merkw\u00fcrdige Schnullerstimmung in der Luft: Die 2 J\u00e4hrigen konnten sich kaum von ihrem Schnulli trennen. Erst als wir im Wald mit St\u00f6cken und Bl\u00e4ttersammelgut hantierten, kamen die Kleinen ohne Schnulli aus. Nach einigen passenden Bewegungsliedern zum Thema \u201cBl\u00e4tter\u201d&hellip; <a href=\"https:\/\/waldkindergarten-berglen.de\/?p=1826\" class=\"more-link\">Weiterlesen <span class=\"screen-reader-text\">Neues aus der Waldspielgruppe<\/span><\/a><\/p>\n","protected":false},"author":1,"featured_media":0,"comment_status":"closed","ping_status":"closed","sticky":false,"template":"","format":"standard","meta":{"ngg_post_thumbnail":0,"_jetpack_memberships_contains_paid_content":false,"footnotes":""},"categories":[11],"tags":[],"class_list":["post-1826","post","type-post","status-publish","format-standard","hentry","category-waldspielgruppenberichte-bis-2017"],"jetpack_featured_media_url":"","jetpack_sharing_enabled":true,"_links":{"self":[{"href":"https:\/\/waldkindergarten-berglen.de\/index.php?rest_route=\/wp\/v2\/posts\/1826","targetHints":{"allow":["GET"]}}],"collection":[{"href":"https:\/\/waldkindergarten-berglen.de\/index.php?rest_route=\/wp\/v2\/posts"}],"about":[{"href":"https:\/\/waldkindergarten-berglen.de\/index.php?rest_route=\/wp\/v2\/types\/post"}],"author":[{"embeddable":true,"href":"https:\/\/waldkindergarten-berglen.de\/index.php?rest_route=\/wp\/v2\/users\/1"}],"replies":[{"embeddable":true,"href":"https:\/\/waldkindergarten-berglen.de\/index.php?rest_route=%2Fwp%2Fv2%2Fcomments&post=1826"}],"version-history":[{"count":0,"href":"https:\/\/waldkindergarten-berglen.de\/index.php?rest_route=\/wp\/v2\/posts\/1826\/revisions"}],"wp:attachment":[{"href":"https:\/\/waldkindergarten-berglen.de\/index.php?rest_route=%2Fwp%2Fv2%2Fmedia&parent=1826"}],"wp:term":[{"taxonomy":"category","embeddable":true,"href":"https:\/\/waldkindergarten-berglen.de\/index.php?rest_route=%2Fwp%2Fv2%2Fcategories&post=1826"},{"taxonomy":"post_tag","embeddable":true,"href":"https:\/\/waldkindergarten-berglen.de\/index.php?rest_route=%2Fwp%2Fv2%2Ftags&post=1826"}],"curies":[{"name":"wp","href":"https:\/\/api.w.org\/{rel}","templated":true}]}}