{"id":1847,"date":"2016-11-07T08:05:49","date_gmt":"2016-11-07T08:05:49","guid":{"rendered":"http:\/\/waldkindergarten-berglen.de\/?p=1847"},"modified":"2016-11-07T08:05:49","modified_gmt":"2016-11-07T08:05:49","slug":"ein-farbenfrohes-herbstmandala","status":"publish","type":"post","link":"https:\/\/waldkindergarten-berglen.de\/?p=1847","title":{"rendered":"Ein farbenfrohes Herbstmandala"},"content":{"rendered":"<p>Die Maus Frederick aus dem Bilderbuch-Klassiker von Leo Lionni sammelte nicht wie die anderen M\u00e4use K\u00f6rner und N\u00fcsse f\u00fcr den Winter, sondern Sonnenstrahlen, Farben und W\u00f6rter.<\/p>\n<p>Und genauso haben unsere Waldkinder die Farben des Herbstes in Form von bunten Bl\u00e4ttern gesammelt und gemeinsam ein kleines Kunstwerk geschaffen: aus ihren Bl\u00e4ttern legten sie ein farbenfrohes Mandala auf den Waldboden.<\/p>\n<p>Mit viel Hingabe f\u00fcllten sie die Segmente des Bildes mit gleichfarbigen Bl\u00e4ttern und freuten sich \u2013 wie Frederick \u2013 an den herrlichen Farben ihres Bildes.<\/p>\n<figure id=\"attachment_1849\" aria-describedby=\"caption-attachment-1849\" style=\"width: 300px\" class=\"wp-caption alignnone\"><img loading=\"lazy\" decoding=\"async\" width=\"300\" height=\"225\" class=\"size-medium wp-image-1849\" alt=\"Mandala aus Herbstlaub!\" src=\"http:\/\/waldkindergarten-berglen.de\/wp-content\/uploads\/2016\/11\/MandalaAusHerbstlaub-1-300x225.jpg\" srcset=\"https:\/\/waldkindergarten-berglen.de\/wp-content\/uploads\/2016\/11\/MandalaAusHerbstlaub-1-300x225.jpg 300w, https:\/\/waldkindergarten-berglen.de\/wp-content\/uploads\/2016\/11\/MandalaAusHerbstlaub-1.jpg 460w\" sizes=\"auto, (max-width: 300px) 100vw, 300px\" \/><figcaption id=\"caption-attachment-1849\" class=\"wp-caption-text\">Mandala aus Herbstlaub!<\/figcaption><\/figure>\n<p><em>Wussten Sie schon?<\/em><br \/>\n<em> Dass Fledertiere (zu denen auch die Flederm\u00e4use geh\u00f6ren) die einzigen S\u00e4ugetiere sind, die aktiv fliegen k\u00f6nnen?<\/em><\/p>\n","protected":false},"excerpt":{"rendered":"<p>Die Maus Frederick aus dem Bilderbuch-Klassiker von Leo Lionni sammelte nicht wie die anderen M\u00e4use K\u00f6rner und N\u00fcsse f\u00fcr den Winter, sondern Sonnenstrahlen, Farben und W\u00f6rter. Und genauso haben unsere Waldkinder die Farben des Herbstes in Form von bunten Bl\u00e4ttern gesammelt und gemeinsam ein kleines Kunstwerk geschaffen: aus ihren Bl\u00e4ttern legten sie ein farbenfrohes Mandala&hellip; <a href=\"https:\/\/waldkindergarten-berglen.de\/?p=1847\" class=\"more-link\">Weiterlesen <span class=\"screen-reader-text\">Ein farbenfrohes Herbstmandala<\/span><\/a><\/p>\n","protected":false},"author":1,"featured_media":0,"comment_status":"closed","ping_status":"closed","sticky":false,"template":"","format":"standard","meta":{"ngg_post_thumbnail":0,"_jetpack_memberships_contains_paid_content":false,"footnotes":""},"categories":[3],"tags":[],"class_list":["post-1847","post","type-post","status-publish","format-standard","hentry","category-berichte"],"jetpack_featured_media_url":"","jetpack_sharing_enabled":true,"_links":{"self":[{"href":"https:\/\/waldkindergarten-berglen.de\/index.php?rest_route=\/wp\/v2\/posts\/1847","targetHints":{"allow":["GET"]}}],"collection":[{"href":"https:\/\/waldkindergarten-berglen.de\/index.php?rest_route=\/wp\/v2\/posts"}],"about":[{"href":"https:\/\/waldkindergarten-berglen.de\/index.php?rest_route=\/wp\/v2\/types\/post"}],"author":[{"embeddable":true,"href":"https:\/\/waldkindergarten-berglen.de\/index.php?rest_route=\/wp\/v2\/users\/1"}],"replies":[{"embeddable":true,"href":"https:\/\/waldkindergarten-berglen.de\/index.php?rest_route=%2Fwp%2Fv2%2Fcomments&post=1847"}],"version-history":[{"count":0,"href":"https:\/\/waldkindergarten-berglen.de\/index.php?rest_route=\/wp\/v2\/posts\/1847\/revisions"}],"wp:attachment":[{"href":"https:\/\/waldkindergarten-berglen.de\/index.php?rest_route=%2Fwp%2Fv2%2Fmedia&parent=1847"}],"wp:term":[{"taxonomy":"category","embeddable":true,"href":"https:\/\/waldkindergarten-berglen.de\/index.php?rest_route=%2Fwp%2Fv2%2Fcategories&post=1847"},{"taxonomy":"post_tag","embeddable":true,"href":"https:\/\/waldkindergarten-berglen.de\/index.php?rest_route=%2Fwp%2Fv2%2Ftags&post=1847"}],"curies":[{"name":"wp","href":"https:\/\/api.w.org\/{rel}","templated":true}]}}