{"id":1851,"date":"2016-10-24T08:05:02","date_gmt":"2016-10-24T08:05:02","guid":{"rendered":"http:\/\/waldkindergarten-berglen.de\/?p=1851"},"modified":"2016-10-24T08:05:02","modified_gmt":"2016-10-24T08:05:02","slug":"grosser-auftritt-fuer-die-fuechse","status":"publish","type":"post","link":"https:\/\/waldkindergarten-berglen.de\/?p=1851","title":{"rendered":"Gro\u00dfer Auftritt f\u00fcr die F\u00fcchse"},"content":{"rendered":"<p>Unsere Vorsch\u00fcler, die \u201eF\u00fcchse\u201c, freuen sie immer ganz besonders auf \u201eihre Fuchsschule\u201c. Hier werden unsere Gro\u00dfen einmal in der Woche auf die Schule vorbereitet und gef\u00f6rdert.<\/p>\n<p>Als erstes gr\u00f6\u00dferes Projekt durften sie gemeinsam ein Theaterst\u00fcck aus der Geschichte von der Maus Frederick vorbereiten und den anderen Kindern vorspielen. Zuerst sollte jedes Kind eine Rolle finden. Dazu mussten sie sich absprechen und nach L\u00f6sungen suchen.<\/p>\n<p>Es war sch\u00f6n zu sehen, wie kreativ und kooperativ die Kinder an diese Aufgabe herangingen: \u201eDie Verkleidung der Sonne ist so gro\u00df, da passen auch zwei Kinder rein\u201c, meinte eines der Kinder. Oder: \u201eWir teilen uns eine Rolle und jeder spielt die H\u00e4lfte der Zeit\u201c. So hatte am Ende jedes Kind eine sch\u00f6ne Rolle, die ihm gefiel.<\/p>\n<p>Als sie das Theaterst\u00fcck ein\u00fcbten und sp\u00e4ter den anderen Kindergartenkindern vorf\u00fchrten, sollten sie sich durch Blickkontakt abstimmen, damit kein Durcheinander entsteht. Auch dieses gelang ihnen sehr gut und unsere F\u00fcchse waren m\u00e4chtig stolz auf ihre Vorf\u00fchrung.<\/p>\n<figure id=\"attachment_1852\" aria-describedby=\"caption-attachment-1852\" style=\"width: 300px\" class=\"wp-caption alignnone\"><img loading=\"lazy\" decoding=\"async\" class=\"size-medium wp-image-1852\" src=\"http:\/\/waldkindergarten-berglen.de\/wp-content\/uploads\/2016\/11\/Gro\u00dfer_Auftritt-1-300x225.jpg\" alt=\"Gro\u00dfer Auftritt!\" width=\"300\" height=\"225\" srcset=\"https:\/\/waldkindergarten-berglen.de\/wp-content\/uploads\/2016\/11\/Gro\u00dfer_Auftritt-1-300x225.jpg 300w, https:\/\/waldkindergarten-berglen.de\/wp-content\/uploads\/2016\/11\/Gro\u00dfer_Auftritt-1.jpg 460w\" sizes=\"auto, (max-width: 300px) 100vw, 300px\" \/><figcaption id=\"caption-attachment-1852\" class=\"wp-caption-text\">Gro\u00dfer Auftritt!<\/figcaption><\/figure>\n<p>Bei dieser Aktion erlebten sich die F\u00fcchse als ganze Gruppe, die zusammen etwas Sch\u00f6nes schaffen kann.<\/p>\n<p>Auch im freien Spiel spielen unsere Waldkinder nun sehr gerne \u201eTheater\u201c und laden andere Kinder zu ihren Vorf\u00fchrungen ein.<\/p>\n<p><strong>Dankesch\u00f6n f\u00fcr die Unterst\u00fctzung<\/strong><br \/>\n<strong>Wie wir bereits in den letzten Wochen berichtet hatten, wurde unser Tipi aufwendig runderneuert. Dies war nur mit der finanziellen Unterst\u00fctzung des Umweltvereins Berglen m\u00f6glich!<\/strong><\/p>\n<p><strong>Vielen herzlichen Dank daf\u00fcr!<\/strong><\/p>\n<p><em>Wussten Sie schon?<\/em><br \/>\n<em>Dass der Hirschk\u00e4fer mit 25-75 mm Europas gr\u00f6\u00dfter K\u00e4fer ist?<\/em><\/p>\n","protected":false},"excerpt":{"rendered":"<p>Unsere Vorsch\u00fcler, die \u201eF\u00fcchse\u201c, freuen sie immer ganz besonders auf \u201eihre Fuchsschule\u201c. Hier werden unsere Gro\u00dfen einmal in der Woche auf die Schule vorbereitet und gef\u00f6rdert. Als erstes gr\u00f6\u00dferes Projekt durften sie gemeinsam ein Theaterst\u00fcck aus der Geschichte von der Maus Frederick vorbereiten und den anderen Kindern vorspielen. Zuerst sollte jedes Kind eine Rolle finden.&hellip; <a href=\"https:\/\/waldkindergarten-berglen.de\/?p=1851\" class=\"more-link\">Weiterlesen <span class=\"screen-reader-text\">Gro\u00dfer Auftritt f\u00fcr die F\u00fcchse<\/span><\/a><\/p>\n","protected":false},"author":1,"featured_media":0,"comment_status":"closed","ping_status":"closed","sticky":false,"template":"","format":"standard","meta":{"ngg_post_thumbnail":0,"_jetpack_memberships_contains_paid_content":false,"footnotes":""},"categories":[3],"tags":[],"class_list":["post-1851","post","type-post","status-publish","format-standard","hentry","category-berichte"],"jetpack_featured_media_url":"","jetpack_sharing_enabled":true,"_links":{"self":[{"href":"https:\/\/waldkindergarten-berglen.de\/index.php?rest_route=\/wp\/v2\/posts\/1851","targetHints":{"allow":["GET"]}}],"collection":[{"href":"https:\/\/waldkindergarten-berglen.de\/index.php?rest_route=\/wp\/v2\/posts"}],"about":[{"href":"https:\/\/waldkindergarten-berglen.de\/index.php?rest_route=\/wp\/v2\/types\/post"}],"author":[{"embeddable":true,"href":"https:\/\/waldkindergarten-berglen.de\/index.php?rest_route=\/wp\/v2\/users\/1"}],"replies":[{"embeddable":true,"href":"https:\/\/waldkindergarten-berglen.de\/index.php?rest_route=%2Fwp%2Fv2%2Fcomments&post=1851"}],"version-history":[{"count":0,"href":"https:\/\/waldkindergarten-berglen.de\/index.php?rest_route=\/wp\/v2\/posts\/1851\/revisions"}],"wp:attachment":[{"href":"https:\/\/waldkindergarten-berglen.de\/index.php?rest_route=%2Fwp%2Fv2%2Fmedia&parent=1851"}],"wp:term":[{"taxonomy":"category","embeddable":true,"href":"https:\/\/waldkindergarten-berglen.de\/index.php?rest_route=%2Fwp%2Fv2%2Fcategories&post=1851"},{"taxonomy":"post_tag","embeddable":true,"href":"https:\/\/waldkindergarten-berglen.de\/index.php?rest_route=%2Fwp%2Fv2%2Ftags&post=1851"}],"curies":[{"name":"wp","href":"https:\/\/api.w.org\/{rel}","templated":true}]}}