{"id":1858,"date":"2016-11-14T08:05:58","date_gmt":"2016-11-14T08:05:58","guid":{"rendered":"http:\/\/waldkindergarten-berglen.de\/?p=1858"},"modified":"2016-11-14T08:05:58","modified_gmt":"2016-11-14T08:05:58","slug":"kaltes-wetter-kann-so-schoen-sein","status":"publish","type":"post","link":"https:\/\/waldkindergarten-berglen.de\/?p=1858","title":{"rendered":"Kaltes Wetter kann so sch\u00f6n sein"},"content":{"rendered":"<p>Am ersten richtig eisigen Tag mit Morgenreif machten unsere Erzieherinnen mit den Kindern hei\u00dfe Maronen.<\/p>\n<p>Dazu sammelten die Waldkinder zuerst Edelkastanien auf unserem St\u00fcckle und fragten immer wieder verwundert bei den Gro\u00dfen nach, ob man Kastanien wirklich essen kann!<\/p>\n<p>Gemeinschaftlich \u00fcberlegten sie, was man zum Kochen in der Natur braucht. Und schnell war klar, dass das nur mit Feuer geht.<br \/>\nWelche Materialien f\u00fcr ein Lagerfeuer n\u00f6tig sind, wussten alle. Und so ging es auch gleich los zum gemeinsamen Sammeln von Kleinholz und Zapfen.<\/p>\n<p>Mit dem Bollerwagen holten sie dann gr\u00f6\u00dfere Holzscheite aus der H\u00fctte und schichteten ihr Sammelgut an der Feuerstelle auf.<br \/>\nDanach war allen schon richtig warm.<\/p>\n<p>Nun bekam jedes Kind eine Wunderkerze und gemeinsam entz\u00fcndeten sie das Feuer.<br \/>\nGespannt lauschten alle dem Knistern und beobachteten die Rauchentwicklung und die Flammen in ihren verschiedenen F\u00e4rbungen.<br \/>\nRasch sp\u00fcrten die Wichtel die W\u00e4rme des Feuers im Gesicht!<br \/>\nUnd als das Feuer so richtig sch\u00f6n brannte, kam die Pfanne mit den Maronen obendrauf.<br \/>\nW\u00e4hrend diese auf dem Feuer brieten, genossen die Kleinen und Gro\u00dfen die wundersch\u00f6ne Lagerfeuerstimmung gespannt darauf, wie die Maronen wohl schmecken.<br \/>\nAm Ende des Vormittags gingen die Waldkinder mit vollen B\u00e4uchen und stolz auf die selbst gekochten Maronen f\u00fcr die Familie in der Vesperdose wieder nach Hause!<\/p>\n<p>Vielen Dank f\u00fcr diese K\u00f6stlichkeit!<\/p>\n<p><em>Wussten Sie schon?<\/em><br \/>\n<em>Dass die Edelkastanie vom Mittelalter bis Ende des 19. Jahrhunderts in den Bergregionen S\u00fcdeuropas das Hauptnahrungsmittel der Landbev\u00f6lkerung war?<\/em><\/p>\n","protected":false},"excerpt":{"rendered":"<p>Am ersten richtig eisigen Tag mit Morgenreif machten unsere Erzieherinnen mit den Kindern hei\u00dfe Maronen. Dazu sammelten die Waldkinder zuerst Edelkastanien auf unserem St\u00fcckle und fragten immer wieder verwundert bei den Gro\u00dfen nach, ob man Kastanien wirklich essen kann! Gemeinschaftlich \u00fcberlegten sie, was man zum Kochen in der Natur braucht. Und schnell war klar, dass&hellip; <a href=\"https:\/\/waldkindergarten-berglen.de\/?p=1858\" class=\"more-link\">Weiterlesen <span class=\"screen-reader-text\">Kaltes Wetter kann so sch\u00f6n sein<\/span><\/a><\/p>\n","protected":false},"author":1,"featured_media":0,"comment_status":"closed","ping_status":"closed","sticky":false,"template":"","format":"standard","meta":{"ngg_post_thumbnail":0,"_jetpack_memberships_contains_paid_content":false,"footnotes":""},"categories":[3],"tags":[],"class_list":["post-1858","post","type-post","status-publish","format-standard","hentry","category-berichte"],"jetpack_featured_media_url":"","jetpack_sharing_enabled":true,"_links":{"self":[{"href":"https:\/\/waldkindergarten-berglen.de\/index.php?rest_route=\/wp\/v2\/posts\/1858","targetHints":{"allow":["GET"]}}],"collection":[{"href":"https:\/\/waldkindergarten-berglen.de\/index.php?rest_route=\/wp\/v2\/posts"}],"about":[{"href":"https:\/\/waldkindergarten-berglen.de\/index.php?rest_route=\/wp\/v2\/types\/post"}],"author":[{"embeddable":true,"href":"https:\/\/waldkindergarten-berglen.de\/index.php?rest_route=\/wp\/v2\/users\/1"}],"replies":[{"embeddable":true,"href":"https:\/\/waldkindergarten-berglen.de\/index.php?rest_route=%2Fwp%2Fv2%2Fcomments&post=1858"}],"version-history":[{"count":0,"href":"https:\/\/waldkindergarten-berglen.de\/index.php?rest_route=\/wp\/v2\/posts\/1858\/revisions"}],"wp:attachment":[{"href":"https:\/\/waldkindergarten-berglen.de\/index.php?rest_route=%2Fwp%2Fv2%2Fmedia&parent=1858"}],"wp:term":[{"taxonomy":"category","embeddable":true,"href":"https:\/\/waldkindergarten-berglen.de\/index.php?rest_route=%2Fwp%2Fv2%2Fcategories&post=1858"},{"taxonomy":"post_tag","embeddable":true,"href":"https:\/\/waldkindergarten-berglen.de\/index.php?rest_route=%2Fwp%2Fv2%2Ftags&post=1858"}],"curies":[{"name":"wp","href":"https:\/\/api.w.org\/{rel}","templated":true}]}}