{"id":1960,"date":"2014-06-02T11:00:41","date_gmt":"2014-06-02T09:00:41","guid":{"rendered":"http:\/\/waldkindergarten-berglen.de\/?p=1960"},"modified":"2014-06-02T11:00:41","modified_gmt":"2014-06-02T09:00:41","slug":"neues-aus-der-waldspielgruppe-30","status":"publish","type":"post","link":"https:\/\/waldkindergarten-berglen.de\/?p=1960","title":{"rendered":"Neues aus der Waldspielgruppe"},"content":{"rendered":"<p>Am 28.05.14 trafen wir uns ein weiteres Mal zum Thema &#8222;Marienk\u00e4fer&#8220;. So wie<br \/>\nf\u00fcr die Kleinen das H\u00e4ndewaschen ein besonderes Highlight ist, so ist das<br \/>\nFotografieren f\u00fcr die M\u00fctter etwas ganz Besonderes. Man m\u00f6chte wohl die<br \/>\nMomente festhalten, wo das eigene Kind wie ein Wichtel zwischen Wurzeln<br \/>\nklettert, wo es gebannt eine Bilderbuchgeschichte verfolgt, wie es malt oder<br \/>\nselbstvergessen schaufelt, oder fr\u00f6hlich den Berg auf dem Hosenboden<br \/>\nrunterrutscht. Die 1 1\/2 bis 3 J\u00e4hrigen schauen sich diese Bilder wohl auch<br \/>\nimmer wieder sehr gerne wieder an.<br \/>\nSo gab es dieses Mal als Motiv f\u00fcr die M\u00fctter das Basteln von<br \/>\nMarienk\u00e4fermasken, das Klettern und Rutschen und Bilderbuchschauen.<br \/>\nWas den Kleinen selbst wohl am ehesten im Ged\u00e4chtnis bleibt, sind wohl die<br \/>\nLieder, die auch zuhause gerne gesungen werden.<\/p>\n<p>&nbsp;<\/p>\n","protected":false},"excerpt":{"rendered":"<p>Am 28.05.14 trafen wir uns ein weiteres Mal zum Thema &#8222;Marienk\u00e4fer&#8220;. So wie f\u00fcr die Kleinen das H\u00e4ndewaschen ein besonderes Highlight ist, so ist das Fotografieren f\u00fcr die M\u00fctter etwas ganz Besonderes. Man m\u00f6chte wohl die Momente festhalten, wo das eigene Kind wie ein Wichtel zwischen Wurzeln klettert, wo es gebannt eine Bilderbuchgeschichte verfolgt, wie&hellip; <a href=\"https:\/\/waldkindergarten-berglen.de\/?p=1960\" class=\"more-link\">Weiterlesen <span class=\"screen-reader-text\">Neues aus der Waldspielgruppe<\/span><\/a><\/p>\n","protected":false},"author":1,"featured_media":0,"comment_status":"closed","ping_status":"closed","sticky":false,"template":"","format":"standard","meta":{"ngg_post_thumbnail":0,"_jetpack_memberships_contains_paid_content":false,"footnotes":""},"categories":[11],"tags":[],"class_list":["post-1960","post","type-post","status-publish","format-standard","hentry","category-waldspielgruppenberichte-bis-2017"],"jetpack_featured_media_url":"","jetpack_sharing_enabled":true,"_links":{"self":[{"href":"https:\/\/waldkindergarten-berglen.de\/index.php?rest_route=\/wp\/v2\/posts\/1960","targetHints":{"allow":["GET"]}}],"collection":[{"href":"https:\/\/waldkindergarten-berglen.de\/index.php?rest_route=\/wp\/v2\/posts"}],"about":[{"href":"https:\/\/waldkindergarten-berglen.de\/index.php?rest_route=\/wp\/v2\/types\/post"}],"author":[{"embeddable":true,"href":"https:\/\/waldkindergarten-berglen.de\/index.php?rest_route=\/wp\/v2\/users\/1"}],"replies":[{"embeddable":true,"href":"https:\/\/waldkindergarten-berglen.de\/index.php?rest_route=%2Fwp%2Fv2%2Fcomments&post=1960"}],"version-history":[{"count":0,"href":"https:\/\/waldkindergarten-berglen.de\/index.php?rest_route=\/wp\/v2\/posts\/1960\/revisions"}],"wp:attachment":[{"href":"https:\/\/waldkindergarten-berglen.de\/index.php?rest_route=%2Fwp%2Fv2%2Fmedia&parent=1960"}],"wp:term":[{"taxonomy":"category","embeddable":true,"href":"https:\/\/waldkindergarten-berglen.de\/index.php?rest_route=%2Fwp%2Fv2%2Fcategories&post=1960"},{"taxonomy":"post_tag","embeddable":true,"href":"https:\/\/waldkindergarten-berglen.de\/index.php?rest_route=%2Fwp%2Fv2%2Ftags&post=1960"}],"curies":[{"name":"wp","href":"https:\/\/api.w.org\/{rel}","templated":true}]}}