{"id":1964,"date":"2014-05-19T12:00:13","date_gmt":"2014-05-19T12:00:13","guid":{"rendered":"http:\/\/waldkindergarten-berglen.de\/?p=1964"},"modified":"2014-05-19T12:00:13","modified_gmt":"2014-05-19T12:00:13","slug":"ein-floss-faehrt-uebern-see-uebern-see","status":"publish","type":"post","link":"https:\/\/waldkindergarten-berglen.de\/?p=1964","title":{"rendered":"Ein Flo\u00df f\u00e4hrt \u00fcber\u00b4n See \u00fcber\u00b4n See&#8230;"},"content":{"rendered":"<p><em>Ein Flo\u00df f\u00e4hrt \u00fcber\u00b4n See.<\/em><br \/>\n<em> Geschm\u00fcckt von allen Kindern<\/em><br \/>\n<em> f\u00fcr jede Mama ist was drauf.<\/em><\/p>\n<p><em>Nun hei\u00dft es Schiff ahoi.<\/em><br \/>\n<em> Und wenn das Flo\u00df nicht untergeht,<\/em><br \/>\n<em> dann kommt es dr\u00fcben an.<\/em><\/p>\n<p><em>Weil Muttertag heute ist,<\/em><br \/>\n<em> da w\u00fcnsche ich Dir von Herzen<\/em><br \/>\n<em> einen dicken, s\u00fc\u00dfen Kuss.<\/em><\/p>\n<p>Am See standen die Waldkinder&#8230;<\/p>\n<p>&#8230;auf der einen Seite ihren Mama\u00b4s auf der anderen gegen\u00fcber. Sie sangen dieses sch\u00f6ne Lied ihren M\u00fcttern zu. Danach wurde ein mit Blumen geschm\u00fccktes Flo\u00df an einer Schnur \u00fcber den See gezogen. Die Wichtel und Zwerge liefen am Ufer entlang zu ihren Mama\u00b4s. Sie \u00fcberreichten ihnen einen Blumenstrau\u00df und danach ein von&nbsp; ihnen gebasteltes Herz aus Baumrinde. Dieses wurde von ihnen mit einer Feile liebevoll gestaltet.<\/p>\n<figure id=\"attachment_1986\" aria-describedby=\"caption-attachment-1986\" style=\"width: 460px\" class=\"wp-caption alignnone\"><img loading=\"lazy\" decoding=\"async\" width=\"460\" height=\"345\" class=\"size-full wp-image-1986\" alt=\"Ein Flo\u00df f\u00e4hrt \u00fcber n See, \u00fcber n See\" src=\"http:\/\/waldkindergarten-berglen.de\/wp-content\/uploads\/2016\/11\/857-1-1.jpg\"><figcaption id=\"caption-attachment-1986\" class=\"wp-caption-text\">Ein Flo\u00df f\u00e4hrt \u00fcber n See, \u00fcber n See<\/figcaption><\/figure>\n<figure id=\"attachment_1987\" aria-describedby=\"caption-attachment-1987\" style=\"width: 460px\" class=\"wp-caption alignnone\"><img loading=\"lazy\" decoding=\"async\" width=\"460\" height=\"345\" class=\"size-full wp-image-1987\" alt=\"Ein Lied f\u00fcr Mama\" src=\"http:\/\/waldkindergarten-berglen.de\/wp-content\/uploads\/2016\/11\/856-1-1.jpg\"><figcaption id=\"caption-attachment-1987\" class=\"wp-caption-text\">Ein Lied f\u00fcr Mama<\/figcaption><\/figure>\n<p>Ein Dankesch\u00f6n an die Erzieherinnen, dass sie mit den Kindern den Muttertag so sch\u00f6n gestaltet haben.<\/p>\n<p><em> Wussten Sie schon?<\/em><br \/>\n<em>Anna Jarvis setzte sich in den USA f\u00fcr einen Feiertag zu Ehren der M\u00fctter ein. Vor 100 Jahren (1914) wurde er in den USA offiziell anerkannt. Nach England, Schweiz, Norwegen und Schweden folgte Deutschland 1922, danach&nbsp; \u00d6sterreich.<\/em><\/p>\n","protected":false},"excerpt":{"rendered":"<p>Ein Flo\u00df f\u00e4hrt \u00fcber\u00b4n See. Geschm\u00fcckt von allen Kindern f\u00fcr jede Mama ist was drauf. Nun hei\u00dft es Schiff ahoi. Und wenn das Flo\u00df nicht untergeht, dann kommt es dr\u00fcben an. Weil Muttertag heute ist, da w\u00fcnsche ich Dir von Herzen einen dicken, s\u00fc\u00dfen Kuss. Am See standen die Waldkinder&#8230; &#8230;auf der einen Seite ihren&hellip; <a href=\"https:\/\/waldkindergarten-berglen.de\/?p=1964\" class=\"more-link\">Weiterlesen <span class=\"screen-reader-text\">Ein Flo\u00df f\u00e4hrt \u00fcber\u00b4n See \u00fcber\u00b4n See&#8230;<\/span><\/a><\/p>\n","protected":false},"author":1,"featured_media":0,"comment_status":"closed","ping_status":"closed","sticky":false,"template":"","format":"standard","meta":{"ngg_post_thumbnail":0,"_jetpack_memberships_contains_paid_content":false,"footnotes":""},"categories":[3],"tags":[],"class_list":["post-1964","post","type-post","status-publish","format-standard","hentry","category-berichte"],"jetpack_featured_media_url":"","jetpack_sharing_enabled":true,"_links":{"self":[{"href":"https:\/\/waldkindergarten-berglen.de\/index.php?rest_route=\/wp\/v2\/posts\/1964","targetHints":{"allow":["GET"]}}],"collection":[{"href":"https:\/\/waldkindergarten-berglen.de\/index.php?rest_route=\/wp\/v2\/posts"}],"about":[{"href":"https:\/\/waldkindergarten-berglen.de\/index.php?rest_route=\/wp\/v2\/types\/post"}],"author":[{"embeddable":true,"href":"https:\/\/waldkindergarten-berglen.de\/index.php?rest_route=\/wp\/v2\/users\/1"}],"replies":[{"embeddable":true,"href":"https:\/\/waldkindergarten-berglen.de\/index.php?rest_route=%2Fwp%2Fv2%2Fcomments&post=1964"}],"version-history":[{"count":0,"href":"https:\/\/waldkindergarten-berglen.de\/index.php?rest_route=\/wp\/v2\/posts\/1964\/revisions"}],"wp:attachment":[{"href":"https:\/\/waldkindergarten-berglen.de\/index.php?rest_route=%2Fwp%2Fv2%2Fmedia&parent=1964"}],"wp:term":[{"taxonomy":"category","embeddable":true,"href":"https:\/\/waldkindergarten-berglen.de\/index.php?rest_route=%2Fwp%2Fv2%2Fcategories&post=1964"},{"taxonomy":"post_tag","embeddable":true,"href":"https:\/\/waldkindergarten-berglen.de\/index.php?rest_route=%2Fwp%2Fv2%2Ftags&post=1964"}],"curies":[{"name":"wp","href":"https:\/\/api.w.org\/{rel}","templated":true}]}}