{"id":1970,"date":"2014-05-12T11:00:08","date_gmt":"2014-05-12T09:00:08","guid":{"rendered":"http:\/\/waldkindergarten-berglen.de\/?p=1970"},"modified":"2014-05-12T11:00:08","modified_gmt":"2014-05-12T09:00:08","slug":"die-waldspielgruppe-startet-in-die-fruehjahrssaison-2","status":"publish","type":"post","link":"https:\/\/waldkindergarten-berglen.de\/?p=1970","title":{"rendered":"Die Waldspielgruppe startet in die Fr\u00fchjahrssaison"},"content":{"rendered":"<p>Am 7. Mai 2014 starteten wir mit einer neuen Gruppe in die neue Saison. Der anf\u00e4ngliche Regen tr\u00fcbte nicht die gute Stimmung.<\/p>\n<p>Die M\u00fctter, und die Kinder sowieso, waren regenfest gekleidet, so dass Pf\u00fctzenwasser von unten und Regen von oben nichts ausmachte.<br \/>\n\u00abBlumen\u00bb hie\u00df unser Thema, das wir nach der Begr\u00fc\u00dfungsrunde mit einem Fingerspiel begannen.<\/p>\n<p>Dann malten die 2-3 J\u00e4hrigen Papierbl\u00fcten an, schnitten sie aus, und konnten beobachten, wie sich diese Bl\u00fcten in einer Wassersch\u00fcssel wie von selbst \u00f6ffneten.<\/p>\n<figure id=\"attachment_1988\" aria-describedby=\"caption-attachment-1988\" style=\"width: 460px\" class=\"wp-caption alignnone\"><img loading=\"lazy\" decoding=\"async\" class=\"size-full wp-image-1988\" src=\"http:\/\/waldkindergarten-berglen.de\/wp-content\/uploads\/2016\/11\/854-1-1.jpg\" alt=\"Wir malen Zauberblumen!\" width=\"460\" height=\"345\" \/><figcaption id=\"caption-attachment-1988\" class=\"wp-caption-text\">Wir malen Zauberblumen!<\/figcaption><\/figure>\n<p>Nach dem Vesper im Sonnenschein (!) lie\u00dfen wir uns von Seifenblasen faszinieren.<\/p>\n<p>Das Pusten durch den kleinen Ring fiel den Kindern gar nicht so leicht; umso froher waren sie beim Anblick der zauberhaften Blasen.<\/p>\n<p>Schlie\u00dflich bildeten die Kletterberge den Abschluss, wo sogar ein einj\u00e4hriges Kind seinen Mut und seine Ausdauer bewies.<br \/>\nWir freuen uns auf kommenden Mittwoch!<\/p>\n","protected":false},"excerpt":{"rendered":"<p>Am 7. Mai 2014 starteten wir mit einer neuen Gruppe in die neue Saison. Der anf\u00e4ngliche Regen tr\u00fcbte nicht die gute Stimmung. Die M\u00fctter, und die Kinder sowieso, waren regenfest gekleidet, so dass Pf\u00fctzenwasser von unten und Regen von oben nichts ausmachte. \u00abBlumen\u00bb hie\u00df unser Thema, das wir nach der Begr\u00fc\u00dfungsrunde mit einem Fingerspiel begannen.&hellip; <a href=\"https:\/\/waldkindergarten-berglen.de\/?p=1970\" class=\"more-link\">Weiterlesen <span class=\"screen-reader-text\">Die Waldspielgruppe startet in die Fr\u00fchjahrssaison<\/span><\/a><\/p>\n","protected":false},"author":1,"featured_media":0,"comment_status":"closed","ping_status":"closed","sticky":false,"template":"","format":"standard","meta":{"ngg_post_thumbnail":0,"_jetpack_memberships_contains_paid_content":false,"footnotes":""},"categories":[11],"tags":[],"class_list":["post-1970","post","type-post","status-publish","format-standard","hentry","category-waldspielgruppenberichte-bis-2017"],"jetpack_featured_media_url":"","jetpack_sharing_enabled":true,"_links":{"self":[{"href":"https:\/\/waldkindergarten-berglen.de\/index.php?rest_route=\/wp\/v2\/posts\/1970","targetHints":{"allow":["GET"]}}],"collection":[{"href":"https:\/\/waldkindergarten-berglen.de\/index.php?rest_route=\/wp\/v2\/posts"}],"about":[{"href":"https:\/\/waldkindergarten-berglen.de\/index.php?rest_route=\/wp\/v2\/types\/post"}],"author":[{"embeddable":true,"href":"https:\/\/waldkindergarten-berglen.de\/index.php?rest_route=\/wp\/v2\/users\/1"}],"replies":[{"embeddable":true,"href":"https:\/\/waldkindergarten-berglen.de\/index.php?rest_route=%2Fwp%2Fv2%2Fcomments&post=1970"}],"version-history":[{"count":0,"href":"https:\/\/waldkindergarten-berglen.de\/index.php?rest_route=\/wp\/v2\/posts\/1970\/revisions"}],"wp:attachment":[{"href":"https:\/\/waldkindergarten-berglen.de\/index.php?rest_route=%2Fwp%2Fv2%2Fmedia&parent=1970"}],"wp:term":[{"taxonomy":"category","embeddable":true,"href":"https:\/\/waldkindergarten-berglen.de\/index.php?rest_route=%2Fwp%2Fv2%2Fcategories&post=1970"},{"taxonomy":"post_tag","embeddable":true,"href":"https:\/\/waldkindergarten-berglen.de\/index.php?rest_route=%2Fwp%2Fv2%2Ftags&post=1970"}],"curies":[{"name":"wp","href":"https:\/\/api.w.org\/{rel}","templated":true}]}}