{"id":1972,"date":"2014-05-05T12:00:56","date_gmt":"2014-05-05T12:00:56","guid":{"rendered":"http:\/\/waldkindergarten-berglen.de\/?p=1972"},"modified":"2014-05-05T12:00:56","modified_gmt":"2014-05-05T12:00:56","slug":"endlich-regen","status":"publish","type":"post","link":"https:\/\/waldkindergarten-berglen.de\/?p=1972","title":{"rendered":"Endlich Regen"},"content":{"rendered":"<p>Unsere Waldkinder freuten sich, dass es mal wieder geregnet hat. Es gab wieder Pf\u00fctzen. Die Wichtel und Zwerge haben Boote gebaut und in den Pf\u00fctzen schwimmen lassen. Sie haben geschaut, welche Farbe ihre Gummistiefel haben. Am Ende durften sie noch rein springen. Was f\u00fcr ein Spa\u00df!<\/p>\n<p>Die Gro\u00dfen durften ihre Werk- und Schnitzaktion starten. Ein Holzmesser soll entstehen. Und auch der ganz normale Kindergarten-Alltag durfte nicht zu kurz kommen.<\/p>\n<figure id=\"attachment_1990\" aria-describedby=\"caption-attachment-1990\" style=\"width: 460px\" class=\"wp-caption alignnone\"><img loading=\"lazy\" decoding=\"async\" width=\"460\" height=\"345\" class=\"size-full wp-image-1990\" alt=\"Im Weidentipi\" src=\"http:\/\/waldkindergarten-berglen.de\/wp-content\/uploads\/2016\/11\/851-1-1.jpg\"><figcaption id=\"caption-attachment-1990\" class=\"wp-caption-text\">Im Weidentipi<\/figcaption><\/figure>\n<figure id=\"attachment_1991\" aria-describedby=\"caption-attachment-1991\" style=\"width: 460px\" class=\"wp-caption alignnone\"><img loading=\"lazy\" decoding=\"async\" width=\"460\" height=\"345\" class=\"size-full wp-image-1991\" alt=\"Wir bauen im Sand\" src=\"http:\/\/waldkindergarten-berglen.de\/wp-content\/uploads\/2016\/11\/852-1-1.jpg\"><figcaption id=\"caption-attachment-1991\" class=\"wp-caption-text\">Wir bauen im Sand<\/figcaption><\/figure>\n<p>Unsere Mitarbeiterin sucht eine Wohnung<\/p>\n<h4>Kindersachen-Basar am 18.5.14 in Rettersburg<\/h4>\n<p>Bei unserem Kindersachen-Basar haben wir noch Tische frei. Ausk\u00fcnfte gibt es unter der Telefonnummer 0179\/4668785.<\/p>\n<p><em>Wussten Sie schon?<\/em><br \/>\n<em>Nahrungsmittel und Textilien auch Wasser. Sie nehmen Regen auf und werden gegossen. Z.B. &lt;enth\u00e4lt&gt; ein Kilo Weizen 1000 bis 2000 l Wasser, ein Kilo K\u00e4se rund 5000 l, eine Jeans rund 10.800 l.<\/em><\/p>\n","protected":false},"excerpt":{"rendered":"<p>Unsere Waldkinder freuten sich, dass es mal wieder geregnet hat. Es gab wieder Pf\u00fctzen. Die Wichtel und Zwerge haben Boote gebaut und in den Pf\u00fctzen schwimmen lassen. Sie haben geschaut, welche Farbe ihre Gummistiefel haben. Am Ende durften sie noch rein springen. Was f\u00fcr ein Spa\u00df! Die Gro\u00dfen durften ihre Werk- und Schnitzaktion starten. Ein&hellip; <a href=\"https:\/\/waldkindergarten-berglen.de\/?p=1972\" class=\"more-link\">Weiterlesen <span class=\"screen-reader-text\">Endlich Regen<\/span><\/a><\/p>\n","protected":false},"author":1,"featured_media":0,"comment_status":"closed","ping_status":"closed","sticky":false,"template":"","format":"standard","meta":{"ngg_post_thumbnail":0,"_jetpack_memberships_contains_paid_content":false,"footnotes":""},"categories":[3],"tags":[],"class_list":["post-1972","post","type-post","status-publish","format-standard","hentry","category-berichte"],"jetpack_featured_media_url":"","jetpack_sharing_enabled":true,"_links":{"self":[{"href":"https:\/\/waldkindergarten-berglen.de\/index.php?rest_route=\/wp\/v2\/posts\/1972","targetHints":{"allow":["GET"]}}],"collection":[{"href":"https:\/\/waldkindergarten-berglen.de\/index.php?rest_route=\/wp\/v2\/posts"}],"about":[{"href":"https:\/\/waldkindergarten-berglen.de\/index.php?rest_route=\/wp\/v2\/types\/post"}],"author":[{"embeddable":true,"href":"https:\/\/waldkindergarten-berglen.de\/index.php?rest_route=\/wp\/v2\/users\/1"}],"replies":[{"embeddable":true,"href":"https:\/\/waldkindergarten-berglen.de\/index.php?rest_route=%2Fwp%2Fv2%2Fcomments&post=1972"}],"version-history":[{"count":0,"href":"https:\/\/waldkindergarten-berglen.de\/index.php?rest_route=\/wp\/v2\/posts\/1972\/revisions"}],"wp:attachment":[{"href":"https:\/\/waldkindergarten-berglen.de\/index.php?rest_route=%2Fwp%2Fv2%2Fmedia&parent=1972"}],"wp:term":[{"taxonomy":"category","embeddable":true,"href":"https:\/\/waldkindergarten-berglen.de\/index.php?rest_route=%2Fwp%2Fv2%2Fcategories&post=1972"},{"taxonomy":"post_tag","embeddable":true,"href":"https:\/\/waldkindergarten-berglen.de\/index.php?rest_route=%2Fwp%2Fv2%2Ftags&post=1972"}],"curies":[{"name":"wp","href":"https:\/\/api.w.org\/{rel}","templated":true}]}}