{"id":1976,"date":"2014-04-21T12:00:29","date_gmt":"2014-04-21T12:00:29","guid":{"rendered":"http:\/\/waldkindergarten-berglen.de\/?p=1976"},"modified":"2014-04-21T12:00:29","modified_gmt":"2014-04-21T12:00:29","slug":"diplom-fuer-die-werkzeugpruefung","status":"publish","type":"post","link":"https:\/\/waldkindergarten-berglen.de\/?p=1976","title":{"rendered":"Diplom f\u00fcr die Werkzeugpr\u00fcfung"},"content":{"rendered":"<p>Unsere gro\u00dfen F\u00fcchse kennen sich nun aus mit Werkzeug. In der Fuchsschule wurde ihnen so allerlei Werkzeug vorgestellt: S\u00e4ge, Hammer, Bohrer, Schraubzwinge, Zange und Leim. Danach haben sie erfahren, was man mit dem Werkzeug machen kann und wie man es richtig benutzt.<\/p>\n<p>Dann durften sie sich selbst an den Werkzeugen versuchen. Zum Schluss durfte jeder einen Nagel in ein Brett h\u00e4mmern und mit der Bei\u00dfzange heraus ziehen. Am Ende bekam jeder Fuchs sein Diplom f\u00fcr die bestandene Werkzeugpr\u00fcfung \u00fcberreicht.<\/p>\n<figure id=\"attachment_1994\" aria-describedby=\"caption-attachment-1994\" style=\"width: 259px\" class=\"wp-caption alignnone\"><img loading=\"lazy\" decoding=\"async\" width=\"259\" height=\"460\" class=\"size-full wp-image-1994\" alt=\"Werkzeug-Diplom\" src=\"http:\/\/waldkindergarten-berglen.de\/wp-content\/uploads\/2016\/11\/847-1-1.jpg\"><figcaption id=\"caption-attachment-1994\" class=\"wp-caption-text\">Werkzeug-Diplom<\/figcaption><\/figure>\n<p><em>Wussten Sie schon?<\/em><br \/>\n<em>Auch Tiere k\u00f6nnen Werkzeug herstellen. Eine Neukaledonische Kr\u00e4he kann aus Bl\u00e4ttern der Schraubenpalme Werkzeuge herstellen, um Futter aus Spalten und Ritzen herauszuholen.<\/em><\/p>\n","protected":false},"excerpt":{"rendered":"<p>Unsere gro\u00dfen F\u00fcchse kennen sich nun aus mit Werkzeug. In der Fuchsschule wurde ihnen so allerlei Werkzeug vorgestellt: S\u00e4ge, Hammer, Bohrer, Schraubzwinge, Zange und Leim. Danach haben sie erfahren, was man mit dem Werkzeug machen kann und wie man es richtig benutzt. Dann durften sie sich selbst an den Werkzeugen versuchen. Zum Schluss durfte jeder&hellip; <a href=\"https:\/\/waldkindergarten-berglen.de\/?p=1976\" class=\"more-link\">Weiterlesen <span class=\"screen-reader-text\">Diplom f\u00fcr die Werkzeugpr\u00fcfung<\/span><\/a><\/p>\n","protected":false},"author":1,"featured_media":0,"comment_status":"closed","ping_status":"closed","sticky":false,"template":"","format":"standard","meta":{"ngg_post_thumbnail":0,"_jetpack_memberships_contains_paid_content":false,"footnotes":""},"categories":[3],"tags":[],"class_list":["post-1976","post","type-post","status-publish","format-standard","hentry","category-berichte"],"jetpack_featured_media_url":"","jetpack_sharing_enabled":true,"_links":{"self":[{"href":"https:\/\/waldkindergarten-berglen.de\/index.php?rest_route=\/wp\/v2\/posts\/1976","targetHints":{"allow":["GET"]}}],"collection":[{"href":"https:\/\/waldkindergarten-berglen.de\/index.php?rest_route=\/wp\/v2\/posts"}],"about":[{"href":"https:\/\/waldkindergarten-berglen.de\/index.php?rest_route=\/wp\/v2\/types\/post"}],"author":[{"embeddable":true,"href":"https:\/\/waldkindergarten-berglen.de\/index.php?rest_route=\/wp\/v2\/users\/1"}],"replies":[{"embeddable":true,"href":"https:\/\/waldkindergarten-berglen.de\/index.php?rest_route=%2Fwp%2Fv2%2Fcomments&post=1976"}],"version-history":[{"count":0,"href":"https:\/\/waldkindergarten-berglen.de\/index.php?rest_route=\/wp\/v2\/posts\/1976\/revisions"}],"wp:attachment":[{"href":"https:\/\/waldkindergarten-berglen.de\/index.php?rest_route=%2Fwp%2Fv2%2Fmedia&parent=1976"}],"wp:term":[{"taxonomy":"category","embeddable":true,"href":"https:\/\/waldkindergarten-berglen.de\/index.php?rest_route=%2Fwp%2Fv2%2Fcategories&post=1976"},{"taxonomy":"post_tag","embeddable":true,"href":"https:\/\/waldkindergarten-berglen.de\/index.php?rest_route=%2Fwp%2Fv2%2Ftags&post=1976"}],"curies":[{"name":"wp","href":"https:\/\/api.w.org\/{rel}","templated":true}]}}