{"id":1978,"date":"2014-04-14T12:00:31","date_gmt":"2014-04-14T12:00:31","guid":{"rendered":"http:\/\/waldkindergarten-berglen.de\/?p=1978"},"modified":"2014-04-14T12:00:31","modified_gmt":"2014-04-14T12:00:31","slug":"osterfeier-im-wald","status":"publish","type":"post","link":"https:\/\/waldkindergarten-berglen.de\/?p=1978","title":{"rendered":"Osterfeier im Wald"},"content":{"rendered":"<p>Ein Fest wirft seine Schatten voraus. Unsere Wichtel und Zwerge haben den Osterplatz sch\u00f6n hergerichtet. Sie haben Pl\u00e4tze f\u00fcr ihre gebastelten Osternester gesucht. Dann haben sie St\u00f6ckchen in die Erde gesteckt, damit der Osterhase wei\u00df, wohin er die Nestchen bringen kann. Wird der Osterhase auch zu uns kommen?<\/p>\n<p>Am n\u00e4chsten Tag haben unsere Waldkinder zusammen Osterbrunch gemacht, mit leckeren Sachen, die unsere M\u00fctter mitgebracht haben. Auch Spiele haben nicht gefehlt: Eierlaufen&#8230;. Am Ende&nbsp; wurde jeder mit einem sch\u00f6n gef\u00fcllten Nest \u00fcberrascht.<\/p>\n<h4>Mitgliedsbeitrag Waldkindergarten:<\/h4>\n<p>Im aktuellen Kindergartenjahr werden wir den Mitgliedsbeitrag erstmals \u00fcber das SEPA-Lastschriftenmandat ausf\u00fchren. Unsere Gl\u00e4ubiger \u00cdD lautet: DE80ZZZ00000469658. Wir bitten freundlich um Beachtung.<\/p>\n<p><em>Wussten Sie schon?<\/em><br \/>\n<em>In Deutschland gibt es in 3 Orten ein Osterhasenpostamt, an denen Briefe an den Osterhasen beantwortet werden.<\/em><\/p>\n","protected":false},"excerpt":{"rendered":"<p>Ein Fest wirft seine Schatten voraus. Unsere Wichtel und Zwerge haben den Osterplatz sch\u00f6n hergerichtet. Sie haben Pl\u00e4tze f\u00fcr ihre gebastelten Osternester gesucht. Dann haben sie St\u00f6ckchen in die Erde gesteckt, damit der Osterhase wei\u00df, wohin er die Nestchen bringen kann. Wird der Osterhase auch zu uns kommen? Am n\u00e4chsten Tag haben unsere Waldkinder zusammen&hellip; <a href=\"https:\/\/waldkindergarten-berglen.de\/?p=1978\" class=\"more-link\">Weiterlesen <span class=\"screen-reader-text\">Osterfeier im Wald<\/span><\/a><\/p>\n","protected":false},"author":1,"featured_media":0,"comment_status":"closed","ping_status":"closed","sticky":false,"template":"","format":"standard","meta":{"ngg_post_thumbnail":0,"_jetpack_memberships_contains_paid_content":false,"footnotes":""},"categories":[3],"tags":[],"class_list":["post-1978","post","type-post","status-publish","format-standard","hentry","category-berichte"],"jetpack_featured_media_url":"","jetpack_sharing_enabled":true,"_links":{"self":[{"href":"https:\/\/waldkindergarten-berglen.de\/index.php?rest_route=\/wp\/v2\/posts\/1978","targetHints":{"allow":["GET"]}}],"collection":[{"href":"https:\/\/waldkindergarten-berglen.de\/index.php?rest_route=\/wp\/v2\/posts"}],"about":[{"href":"https:\/\/waldkindergarten-berglen.de\/index.php?rest_route=\/wp\/v2\/types\/post"}],"author":[{"embeddable":true,"href":"https:\/\/waldkindergarten-berglen.de\/index.php?rest_route=\/wp\/v2\/users\/1"}],"replies":[{"embeddable":true,"href":"https:\/\/waldkindergarten-berglen.de\/index.php?rest_route=%2Fwp%2Fv2%2Fcomments&post=1978"}],"version-history":[{"count":0,"href":"https:\/\/waldkindergarten-berglen.de\/index.php?rest_route=\/wp\/v2\/posts\/1978\/revisions"}],"wp:attachment":[{"href":"https:\/\/waldkindergarten-berglen.de\/index.php?rest_route=%2Fwp%2Fv2%2Fmedia&parent=1978"}],"wp:term":[{"taxonomy":"category","embeddable":true,"href":"https:\/\/waldkindergarten-berglen.de\/index.php?rest_route=%2Fwp%2Fv2%2Fcategories&post=1978"},{"taxonomy":"post_tag","embeddable":true,"href":"https:\/\/waldkindergarten-berglen.de\/index.php?rest_route=%2Fwp%2Fv2%2Ftags&post=1978"}],"curies":[{"name":"wp","href":"https:\/\/api.w.org\/{rel}","templated":true}]}}