{"id":2012,"date":"2014-04-07T12:00:25","date_gmt":"2014-04-07T12:00:25","guid":{"rendered":"http:\/\/waldkindergarten-berglen.de\/?p=2012"},"modified":"2014-04-07T12:00:25","modified_gmt":"2014-04-07T12:00:25","slug":"baerlauch-ist-lecker-und-gesund","status":"publish","type":"post","link":"https:\/\/waldkindergarten-berglen.de\/?p=2012","title":{"rendered":"B\u00e4rlauch ist lecker und gesund"},"content":{"rendered":"<p>An einem sonnigen Tag unternahmen unsere Wichtel und Zwerge eine Wanderung im Wald. Ziel war ein Platz, der mit B\u00e4rlauch \u00fcbers\u00e4t war. Es duftete schon von weitem. In die mitgebrachten K\u00f6rbchen pfl\u00fcckten die Waldkinder flei\u00dfig B\u00e4rlauch. Das machte allen Spa\u00df.<\/p>\n<figure id=\"attachment_1607\" aria-describedby=\"caption-attachment-1607\" style=\"width: 460px\" class=\"wp-caption alignnone\"><img loading=\"lazy\" decoding=\"async\" width=\"460\" height=\"345\" class=\"size-full wp-image-1607\" alt=\"Wir sammeln B\u00e4rlauch\" src=\"http:\/\/waldkindergarten-berglen.de\/wp-content\/uploads\/2016\/06\/846-1-1.jpg\"><figcaption id=\"caption-attachment-1607\" class=\"wp-caption-text\">Wir sammeln B\u00e4rlauch<\/figcaption><\/figure>\n<p>Danach kam noch ein Kr\u00e4uterweiblein und erz\u00e4hlte spannende Geschichten \u00fcber B\u00e4rlauch. Au\u00dferdem war in der N\u00e4he ein kleiner Bach. Nachdem Kinder mit pfl\u00fccken fertig waren, hatten sie noch Spa\u00df im Bach.<\/p>\n<figure id=\"attachment_1606\" aria-describedby=\"caption-attachment-1606\" style=\"width: 460px\" class=\"wp-caption alignnone\"><img loading=\"lazy\" decoding=\"async\" width=\"460\" height=\"345\" class=\"size-full wp-image-1606\" alt=\"Spa\u00df im Bach\" src=\"http:\/\/waldkindergarten-berglen.de\/wp-content\/uploads\/2016\/06\/845-1-1.jpg\"><figcaption id=\"caption-attachment-1606\" class=\"wp-caption-text\">Spa\u00df im Bach<\/figcaption><\/figure>\n<p>Am n\u00e4chsten Tag durften die Waldkinder erz\u00e4hlen, wie sie den gesammelten B\u00e4rlauch verwendet haben: Pesto, Pfannkuchen\u2026.Auch im Kindergarten erlebten die Kinder, was man aus B\u00e4rlauch machen kann. Leckere B\u00e4rlauch-Pfannkuchen wurden gebacken.<\/p>\n<h4>Eine gro\u00dfe Bitte<\/h4>\n<p>Nach einem sonnigen Wochenende wurden unsere Waldkinder unangenehm \u00fcberrascht. Ihre Morgenkreise waren dreckig und voller&nbsp; Asche und Holzkohlest\u00fcckchen. Es machte keine Freude, diese erst wegzur\u00e4umen oder sich in Kohlest\u00fcckchen und Dreck zu setzen. Deshalb unsere gro\u00dfe Bitte: Verlassen Sie die Morgenkreise der Waldkinder wieder sauber und ben\u00fctzen Sie sie nicht als Grillplatz. Vielen Dank.<\/p>\n<p><em>Wussten Sie schon?<\/em><br \/>\n<em>In der Naturheilkunde wird B\u00e4rlauch als Heilmittel verwendet. Die \u00e4therischen \u00d6le wirken sich positiv auf Verdauung, Atemwege, Leber, Galle, Darm und Magen aus.<\/em><\/p>\n","protected":false},"excerpt":{"rendered":"<p>An einem sonnigen Tag unternahmen unsere Wichtel und Zwerge eine Wanderung im Wald. Ziel war ein Platz, der mit B\u00e4rlauch \u00fcbers\u00e4t war. Es duftete schon von weitem. In die mitgebrachten K\u00f6rbchen pfl\u00fcckten die Waldkinder flei\u00dfig B\u00e4rlauch. Das machte allen Spa\u00df. Danach kam noch ein Kr\u00e4uterweiblein und erz\u00e4hlte spannende Geschichten \u00fcber B\u00e4rlauch. Au\u00dferdem war in der&hellip; <a href=\"https:\/\/waldkindergarten-berglen.de\/?p=2012\" class=\"more-link\">Weiterlesen <span class=\"screen-reader-text\">B\u00e4rlauch ist lecker und gesund<\/span><\/a><\/p>\n","protected":false},"author":1,"featured_media":0,"comment_status":"closed","ping_status":"closed","sticky":false,"template":"","format":"standard","meta":{"ngg_post_thumbnail":0,"_jetpack_memberships_contains_paid_content":false,"footnotes":""},"categories":[3],"tags":[],"class_list":["post-2012","post","type-post","status-publish","format-standard","hentry","category-berichte"],"jetpack_featured_media_url":"","jetpack_sharing_enabled":true,"_links":{"self":[{"href":"https:\/\/waldkindergarten-berglen.de\/index.php?rest_route=\/wp\/v2\/posts\/2012","targetHints":{"allow":["GET"]}}],"collection":[{"href":"https:\/\/waldkindergarten-berglen.de\/index.php?rest_route=\/wp\/v2\/posts"}],"about":[{"href":"https:\/\/waldkindergarten-berglen.de\/index.php?rest_route=\/wp\/v2\/types\/post"}],"author":[{"embeddable":true,"href":"https:\/\/waldkindergarten-berglen.de\/index.php?rest_route=\/wp\/v2\/users\/1"}],"replies":[{"embeddable":true,"href":"https:\/\/waldkindergarten-berglen.de\/index.php?rest_route=%2Fwp%2Fv2%2Fcomments&post=2012"}],"version-history":[{"count":0,"href":"https:\/\/waldkindergarten-berglen.de\/index.php?rest_route=\/wp\/v2\/posts\/2012\/revisions"}],"wp:attachment":[{"href":"https:\/\/waldkindergarten-berglen.de\/index.php?rest_route=%2Fwp%2Fv2%2Fmedia&parent=2012"}],"wp:term":[{"taxonomy":"category","embeddable":true,"href":"https:\/\/waldkindergarten-berglen.de\/index.php?rest_route=%2Fwp%2Fv2%2Fcategories&post=2012"},{"taxonomy":"post_tag","embeddable":true,"href":"https:\/\/waldkindergarten-berglen.de\/index.php?rest_route=%2Fwp%2Fv2%2Ftags&post=2012"}],"curies":[{"name":"wp","href":"https:\/\/api.w.org\/{rel}","templated":true}]}}