{"id":2014,"date":"2014-03-31T12:00:59","date_gmt":"2014-03-31T12:00:59","guid":{"rendered":"http:\/\/waldkindergarten-berglen.de\/?p=2014"},"modified":"2014-03-31T12:00:59","modified_gmt":"2014-03-31T12:00:59","slug":"unsere-osternester-machen-wir-selbst","status":"publish","type":"post","link":"https:\/\/waldkindergarten-berglen.de\/?p=2014","title":{"rendered":"Unsere Osternester machen wir selbst"},"content":{"rendered":"<p>Um dem Osterhasen eine Freude zu machen, basteln wir jedes Jahr vor Ostern unsere Osternester selbst. Doch dabei sehen unsere Nester niemals gleich aus!<\/p>\n<p>Mal werden sie wie K\u00f6rbchen geflochten, aus Lehm getont oder auch aus Moos geformt!<\/p>\n<p>In den letzten Tagen haben alle Kinder flei\u00dfig gefilzt!<br \/>\nDabei sind nicht nur wundersch\u00f6ne Osternester, sondern auch ganz neue Sinneseindr\u00fccke entstanden!<\/p>\n<p>Manch ein Kind wusste vor dem Nassfilzen noch nicht was es erwartet oder was es vom Filzen halten soll. Als ihre H\u00e4nde dann jedoch mit dem warmen Wasser und viel Seife die Schafwolle einsch\u00e4umten, stellte sich bei allen ein wundervolles Gef\u00fchl der Entspannung ein und es entstanden wundersch\u00f6ne Filznester!<\/p>\n<figure id=\"attachment_1605\" aria-describedby=\"caption-attachment-1605\" style=\"width: 345px\" class=\"wp-caption alignnone\"><img loading=\"lazy\" decoding=\"async\" width=\"345\" height=\"460\" class=\"size-full wp-image-1605\" alt=\"Nassfilzen - Eine tolle Erfahrung!\" src=\"http:\/\/waldkindergarten-berglen.de\/wp-content\/uploads\/2016\/06\/844-1-1.jpg\"><figcaption id=\"caption-attachment-1605\" class=\"wp-caption-text\">Nassfilzen &#8211; Eine tolle Erfahrung!<\/figcaption><\/figure>\n<h4>Girls &amp; Boys Day<\/h4>\n<p>Typische M\u00e4nnerberufe? Typische Frauenberufe? Dass dies nicht sein muss, erfahren Jugendliche die in der Berufsorientierung sind am Girls &amp; Boys Day.&nbsp; An diesem Tag testen M\u00e4dchen M\u00e4nnerberufe und die Jungs schnuppern in Frauenberufe!<br \/>\nZu diesem Anlass besuchten uns zwei junge M\u00e4nner und begleiteten die Zwergen- und die Wichtelgruppe!<br \/>\nF\u00fcr alle, besonders f\u00fcr die Kinder war es toll, m\u00e4nnliche&nbsp; Ansprechpartner zu haben!<\/p>\n<p><em>Wussten Sie schon?<\/em><br \/>\n<em>Dass die Natur im Fr\u00fchling mehr Energie freisetzt, als die Erdbev\u00f6lkerung in einem Jahr verbraucht?<\/em><\/p>\n","protected":false},"excerpt":{"rendered":"<p>Um dem Osterhasen eine Freude zu machen, basteln wir jedes Jahr vor Ostern unsere Osternester selbst. Doch dabei sehen unsere Nester niemals gleich aus! Mal werden sie wie K\u00f6rbchen geflochten, aus Lehm getont oder auch aus Moos geformt! In den letzten Tagen haben alle Kinder flei\u00dfig gefilzt! Dabei sind nicht nur wundersch\u00f6ne Osternester, sondern auch&hellip; <a href=\"https:\/\/waldkindergarten-berglen.de\/?p=2014\" class=\"more-link\">Weiterlesen <span class=\"screen-reader-text\">Unsere Osternester machen wir selbst<\/span><\/a><\/p>\n","protected":false},"author":1,"featured_media":0,"comment_status":"closed","ping_status":"closed","sticky":false,"template":"","format":"standard","meta":{"ngg_post_thumbnail":0,"_jetpack_memberships_contains_paid_content":false,"footnotes":""},"categories":[3],"tags":[],"class_list":["post-2014","post","type-post","status-publish","format-standard","hentry","category-berichte"],"jetpack_featured_media_url":"","jetpack_sharing_enabled":true,"_links":{"self":[{"href":"https:\/\/waldkindergarten-berglen.de\/index.php?rest_route=\/wp\/v2\/posts\/2014","targetHints":{"allow":["GET"]}}],"collection":[{"href":"https:\/\/waldkindergarten-berglen.de\/index.php?rest_route=\/wp\/v2\/posts"}],"about":[{"href":"https:\/\/waldkindergarten-berglen.de\/index.php?rest_route=\/wp\/v2\/types\/post"}],"author":[{"embeddable":true,"href":"https:\/\/waldkindergarten-berglen.de\/index.php?rest_route=\/wp\/v2\/users\/1"}],"replies":[{"embeddable":true,"href":"https:\/\/waldkindergarten-berglen.de\/index.php?rest_route=%2Fwp%2Fv2%2Fcomments&post=2014"}],"version-history":[{"count":0,"href":"https:\/\/waldkindergarten-berglen.de\/index.php?rest_route=\/wp\/v2\/posts\/2014\/revisions"}],"wp:attachment":[{"href":"https:\/\/waldkindergarten-berglen.de\/index.php?rest_route=%2Fwp%2Fv2%2Fmedia&parent=2014"}],"wp:term":[{"taxonomy":"category","embeddable":true,"href":"https:\/\/waldkindergarten-berglen.de\/index.php?rest_route=%2Fwp%2Fv2%2Fcategories&post=2014"},{"taxonomy":"post_tag","embeddable":true,"href":"https:\/\/waldkindergarten-berglen.de\/index.php?rest_route=%2Fwp%2Fv2%2Ftags&post=2014"}],"curies":[{"name":"wp","href":"https:\/\/api.w.org\/{rel}","templated":true}]}}